{"id":5435,"date":"2026-01-26T09:39:21","date_gmt":"2026-01-26T09:39:21","guid":{"rendered":"https:\/\/herkafadanses.com\/?p=5435"},"modified":"2026-01-26T09:53:22","modified_gmt":"2026-01-26T09:53:22","slug":"yanlis-bilinen-tarih-kolay-anlatilan-yalanlar-zor-hatirlanan-gercekler","status":"publish","type":"post","link":"https:\/\/herkafadanses.com\/en_us\/yanlis-bilinen-tarih-kolay-anlatilan-yalanlar-zor-hatirlanan-gercekler\/","title":{"rendered":"Yanl\u0131\u015f Bilinen Tarih: Kolay Anlat\u0131lan Yalanlar, Zor Hat\u0131rlanan Ger\u00e7ekler"},"content":{"rendered":"<div data-elementor-type=\"wp-post\" data-elementor-id=\"5435\" class=\"elementor elementor-5435\" data-elementor-post-type=\"post\">\n\t\t\t\t\t\t<section class=\"elementor-section elementor-top-section elementor-element elementor-element-23ab539d elementor-section-boxed elementor-section-height-default elementor-section-height-default\" data-id=\"23ab539d\" data-element_type=\"section\">\n\t\t\t\t\t\t<div class=\"elementor-container elementor-column-gap-default\">\n\t\t\t\t\t<div class=\"elementor-column elementor-col-100 elementor-top-column elementor-element elementor-element-78295c81\" data-id=\"78295c81\" data-element_type=\"column\">\n\t\t\t<div class=\"elementor-widget-wrap elementor-element-populated\">\n\t\t\t\t\t\t<div class=\"elementor-element elementor-element-37b453a9 elementor-widget elementor-widget-text-editor\" data-id=\"37b453a9\" data-element_type=\"widget\" data-widget_type=\"text-editor.default\">\n\t\t\t\t<div class=\"elementor-widget-container\">\n\t\t\t<style>\/*! elementor - v3.21.0 - 25-04-2024 *\/\n.elementor-widget-text-editor.elementor-drop-cap-view-stacked .elementor-drop-cap{background-color:#69727d;color:#fff}.elementor-widget-text-editor.elementor-drop-cap-view-framed .elementor-drop-cap{color:#69727d;border:3px solid;background-color:transparent}.elementor-widget-text-editor:not(.elementor-drop-cap-view-default) .elementor-drop-cap{margin-top:8px}.elementor-widget-text-editor:not(.elementor-drop-cap-view-default) .elementor-drop-cap-letter{width:1em;height:1em}.elementor-widget-text-editor .elementor-drop-cap{float:left;text-align:center;line-height:1;font-size:50px}.elementor-widget-text-editor .elementor-drop-cap-letter{display:inline-block}<\/style>\t\t\t\t<p><span style=\"font-size: 12.0pt;line-height: 115%;font-family: 'Aptos',sans-serif\">Tarihin en kal\u0131c\u0131 yalanlar\u0131, en kolay anlat\u0131lanlard\u0131r.<\/span><\/p>\t\t\t\t\t\t<\/div>\n\t\t\t\t<\/div>\n\t\t\t\t\t<\/div>\n\t\t<\/div>\n\t\t\t\t\t<\/div>\n\t\t<\/section>\n\t\t\t\t<section class=\"elementor-section elementor-top-section elementor-element elementor-element-687da7e9 elementor-section-boxed elementor-section-height-default elementor-section-height-default\" data-id=\"687da7e9\" data-element_type=\"section\">\n\t\t\t\t\t\t<div class=\"elementor-container elementor-column-gap-default\">\n\t\t\t\t\t<div class=\"elementor-column elementor-col-100 elementor-top-column elementor-element elementor-element-4f08eec1\" data-id=\"4f08eec1\" data-element_type=\"column\">\n\t\t\t<div class=\"elementor-widget-wrap elementor-element-populated\">\n\t\t\t\t\t\t<div class=\"elementor-element elementor-element-2a45f5f5 elementor-widget elementor-widget-text-editor\" data-id=\"2a45f5f5\" data-element_type=\"widget\" data-widget_type=\"text-editor.default\">\n\t\t\t\t<div class=\"elementor-widget-container\">\n\t\t\t\t\t\t\t<p class=\"MsoNormal\">Tarih \u00e7o\u011fu zaman \u201colan biten\u201d de\u011fildir; anlat\u0131la anlat\u0131la kalan \u015feydir. Bir olay ya\u015fan\u0131r, sonra o olay defalarca s\u00fcz\u00fcl\u00fcr: \u00f6nce kazananlar\u0131n dilinden, sonra e\u011fitim kitaplar\u0131n\u0131n sadele\u015ftirmesinden, ard\u0131ndan sineman\u0131n dramatik filtresinden ve en sonunda sosyal medyan\u0131n tek c\u00fcmlelik h\u0131z\u0131ndan ge\u00e7er. Bu s\u00fcrecin sonunda geriye \u00e7o\u011fu zaman ger\u00e7ek de\u011fil, hat\u0131rlanmas\u0131 kolay bir hik\u00e2ye kal\u0131r. O hik\u00e2ye ne kadar basitse, o kadar uzun ya\u015far.<\/p><p class=\"MsoNormal\">Bu y\u00fczden tarih, en \u00e7ok da \u201ctek c\u00fcmlelik a\u00e7\u0131klamalarla\u201d tan\u0131n\u0131r. Bir krali\u00e7e halktan koptu\u011fu i\u00e7in devrim olur. Bir ka\u015fif cesur oldu\u011fu i\u00e7in \u00e7a\u011f de\u011fi\u015fir. \u00dc\u00e7 y\u00fcz ki\u015fi d\u00fcnyay\u0131 sarsar. Bir parmak iner, bir adam \u00f6l\u00fcr. Bir elma d\u00fc\u015fer, bilim ba\u015flar. Bu c\u00fcmleler yanl\u0131\u015ft\u0131r demek yetmez; as\u0131l mesele, neden bu kadar ikna edici olduklar\u0131n\u0131 anlamakt\u0131r. \u00c7\u00fcnk\u00fc bu c\u00fcmleler yaln\u0131zca bilgi ta\u015f\u0131maz; duygu ta\u015f\u0131r, taraf tutar, kimlik \u00fcretir.<\/p><p class=\"MsoNormal\">Pop\u00fcler tarih anlat\u0131lar\u0131, karma\u015f\u0131kl\u0131\u011f\u0131 sevmez. Sistemleri de\u011fil, y\u00fczleri; s\u00fcre\u00e7leri de\u011fil, anlar\u0131; a\u011flar\u0131 de\u011fil, kahramanlar\u0131 anlat\u0131r. \u00c7\u00fcnk\u00fc kahraman anlat\u0131s\u0131 rahatlat\u0131c\u0131d\u0131r. D\u00fcnyay\u0131 anla\u015f\u0131l\u0131r k\u0131lar. \u201cBiri yapt\u0131\u201d dersin ve dosyay\u0131 kapat\u0131rs\u0131n. Oysa tarih b\u00f6yle i\u015flemez. Tarih, \u00e7o\u011fu zaman ayn\u0131 anda farkl\u0131 yerlerde olan \u015feylerin \u00fcst \u00fcste binmesiyle ilerler. E\u015fzamanl\u0131d\u0131r. Bu e\u015fzamanl\u0131l\u0131k g\u00f6r\u00fcnmez kald\u0131\u011f\u0131nda, masallar g\u00fc\u00e7lenir.<\/p><p class=\"MsoNormal\">Bu yaz\u0131, \u201cyanl\u0131\u015f bilinen tarih\u201di bir bilgi listesi gibi d\u00fczeltmek i\u00e7in yaz\u0131lmad\u0131. Ama\u00e7 \u201casl\u0131nda \u00f6yle de\u011fildi\u201d demek de\u011fil; neden \u00f6yle anlat\u0131ld\u0131\u011f\u0131n\u0131 a\u00e7mak. Hangi c\u00fcmleler neden se\u00e7ildi? Hangi detaylar neden at\u0131ld\u0131? Hangi imgeler neden yap\u0131\u015f\u0131p kald\u0131? Ve en \u00f6nemlisi: Bu yanl\u0131\u015flar kimin i\u015fine yarad\u0131? Bu y\u00fczden burada okuyaca\u011f\u0131n\u0131z \u015fey, \u201ctarihi d\u00fczeltme\u201d iddias\u0131 de\u011fil; <b>tarihi yeniden g\u00f6rme<\/b> davetidir. Efsanelerin alt\u0131na bakmak, komik san\u0131lan yanl\u0131\u015flar\u0131n neden bu kadar kal\u0131c\u0131 oldu\u011funu g\u00f6rmek ve en nihayetinde \u015fu rahats\u0131z edici soruyla ba\u015f ba\u015fa kalmak i\u00e7in:<\/p><p class=\"MsoNormal\">Biz ger\u00e7ekten ge\u00e7mi\u015fi mi hat\u0131rl\u0131yoruz, yoksa bize anlat\u0131lmas\u0131 kolay olan\u0131 m\u0131?<\/p><p>\u00a0<\/p><p class=\"MsoNormal\">Yolculu\u011fumuz ba\u015fl\u0131yor.<\/p>\t\t\t\t\t\t<\/div>\n\t\t\t\t<\/div>\n\t\t\t\t\t<\/div>\n\t\t<\/div>\n\t\t\t\t\t<\/div>\n\t\t<\/section>\n\t\t\t\t<section class=\"elementor-section elementor-top-section elementor-element elementor-element-4a5cd159 elementor-section-boxed elementor-section-height-default elementor-section-height-default\" data-id=\"4a5cd159\" data-element_type=\"section\">\n\t\t\t\t\t\t<div class=\"elementor-container elementor-column-gap-default\">\n\t\t\t\t\t<div class=\"elementor-column elementor-col-100 elementor-top-column elementor-element elementor-element-d571c7a\" data-id=\"d571c7a\" data-element_type=\"column\">\n\t\t\t<div class=\"elementor-widget-wrap elementor-element-populated\">\n\t\t\t\t\t\t<div class=\"elementor-element elementor-element-55de656c elementor-widget elementor-widget-image\" data-id=\"55de656c\" data-element_type=\"widget\" data-widget_type=\"image.default\">\n\t\t\t\t<div class=\"elementor-widget-container\">\n\t\t\t<style>\/*! elementor - v3.21.0 - 25-04-2024 *\/\n.elementor-widget-image{text-align:center}.elementor-widget-image a{display:inline-block}.elementor-widget-image a img[src$=\".svg\"]{width:48px}.elementor-widget-image img{vertical-align:middle;display:inline-block}<\/style>\t\t\t\t\t\t\t\t\t\t\t<a href=\"http:\/\/herkafadanses.com\/wp-content\/uploads\/2026\/01\/ChatGPT-Image-26-Oca-2026-10_40_29.png\" data-elementor-open-lightbox=\"yes\" data-elementor-lightbox-title=\"ChatGPT Image 26 Oca 2026 10_40_29\" data-e-action-hash=\"#elementor-action%3Aaction%3Dlightbox%26settings%3DeyJpZCI6IjU0MzciLCJ1cmwiOiJodHRwczpcL1wvaGVya2FmYWRhbnNlcy5jb21cL3dwLWNvbnRlbnRcL3VwbG9hZHNcLzIwMjZcLzAxXC9DaGF0R1BULUltYWdlLTI2LU9jYS0yMDI2LTEwXzQwXzI5LnBuZyJ9\">\n\t\t\t\t\t\t\t<img fetchpriority=\"high\" decoding=\"async\" width=\"467\" height=\"700\" src=\"https:\/\/herkafadanses.com\/wp-content\/uploads\/2026\/01\/ChatGPT-Image-26-Oca-2026-10_40_29-467x700.png\" class=\"attachment-large size-large wp-image-5437\" alt=\"\" srcset=\"https:\/\/herkafadanses.com\/wp-content\/uploads\/2026\/01\/ChatGPT-Image-26-Oca-2026-10_40_29-467x700.png 467w, https:\/\/herkafadanses.com\/wp-content\/uploads\/2026\/01\/ChatGPT-Image-26-Oca-2026-10_40_29-200x300.png 200w, https:\/\/herkafadanses.com\/wp-content\/uploads\/2026\/01\/ChatGPT-Image-26-Oca-2026-10_40_29-768x1152.png 768w, https:\/\/herkafadanses.com\/wp-content\/uploads\/2026\/01\/ChatGPT-Image-26-Oca-2026-10_40_29-8x12.png 8w, https:\/\/herkafadanses.com\/wp-content\/uploads\/2026\/01\/ChatGPT-Image-26-Oca-2026-10_40_29-800x1200.png 800w, https:\/\/herkafadanses.com\/wp-content\/uploads\/2026\/01\/ChatGPT-Image-26-Oca-2026-10_40_29.png 1024w\" sizes=\"(max-width: 467px) 100vw, 467px\" \/>\t\t\t\t\t\t\t\t<\/a>\n\t\t\t\t\t\t\t\t\t\t\t\t\t<\/div>\n\t\t\t\t<\/div>\n\t\t\t\t\t<\/div>\n\t\t<\/div>\n\t\t\t\t\t<\/div>\n\t\t<\/section>\n\t\t\t\t<section class=\"elementor-section elementor-top-section elementor-element elementor-element-3f3e276e elementor-section-boxed elementor-section-height-default elementor-section-height-default\" data-id=\"3f3e276e\" data-element_type=\"section\">\n\t\t\t\t\t\t<div class=\"elementor-container elementor-column-gap-default\">\n\t\t\t\t\t<div class=\"elementor-column elementor-col-100 elementor-top-column elementor-element elementor-element-3cce7e5d\" data-id=\"3cce7e5d\" data-element_type=\"column\">\n\t\t\t<div class=\"elementor-widget-wrap elementor-element-populated\">\n\t\t\t\t\t\t<div class=\"elementor-element elementor-element-9f16e21 elementor-widget elementor-widget-heading\" data-id=\"9f16e21\" data-element_type=\"widget\" data-widget_type=\"heading.default\">\n\t\t\t\t<div class=\"elementor-widget-container\">\n\t\t\t<style>\/*! elementor - v3.21.0 - 25-04-2024 *\/\n.elementor-heading-title{padding:0;margin:0;line-height:1}.elementor-widget-heading .elementor-heading-title[class*=elementor-size-]>a{color:inherit;font-size:inherit;line-height:inherit}.elementor-widget-heading .elementor-heading-title.elementor-size-small{font-size:15px}.elementor-widget-heading .elementor-heading-title.elementor-size-medium{font-size:19px}.elementor-widget-heading .elementor-heading-title.elementor-size-large{font-size:29px}.elementor-widget-heading .elementor-heading-title.elementor-size-xl{font-size:39px}.elementor-widget-heading .elementor-heading-title.elementor-size-xxl{font-size:59px}<\/style><h2 id=\"1-marie-antoinette-ekmek-bulamiyorlarsa-pasta-yesinler-dedi\" class=\"elementor-heading-title elementor-size-default\"><p><b>1) \u201cMarie Antoinette \u2018Ekmek bulam\u0131yorlarsa pasta yesinler\u2019 dedi.\u201d<\/b><span style=\"font-size: 2rem;letter-spacing: -0.025em\"><\/span><\/p><\/h2>\t\t<\/div>\n\t\t\t\t<\/div>\n\t\t\t\t<div class=\"elementor-element elementor-element-29ba1d8d elementor-widget elementor-widget-text-editor\" data-id=\"29ba1d8d\" data-element_type=\"widget\" data-widget_type=\"text-editor.default\">\n\t\t\t\t<div class=\"elementor-widget-container\">\n\t\t\t\t\t\t\t<p class=\"MsoNormal\">Bu c\u00fcmlenin bu kadar g\u00fc\u00e7l\u00fc olmas\u0131n\u0131n sebebi, do\u011fru olup olmamas\u0131 de\u011fil; insanlar\u0131n zihninde \u00e7oktan kurulmu\u015f bir \u201ckopukluk\u201d hissini tek hamlede temsil etmesi. \u00dcstelik T\u00fcrk\u00e7edeki \u201cpasta\u201d \u00e7evirisi de meseleyi daha da karikat\u00fcrle\u015ftiriyor: rivayetin Frans\u0131zca formu genellikle \u201cbrioche\u201d \u00fczerinden an\u0131l\u0131yor; yani \u201cekmek yoksa zengin i\u015fi tereya\u011fl\u0131 ekmek yesinler\u201d gibi bir s\u0131n\u0131f k\u00f6rl\u00fc\u011f\u00fcn\u00fc \u00e7a\u011f\u0131r\u0131yor. Fakat tarihsel kay\u0131tlar a\u00e7\u0131s\u0131ndan bak\u0131ld\u0131\u011f\u0131nda ortada can s\u0131k\u0131c\u0131 bir bo\u015fluk var: Marie Antoinette\u2019in bu s\u00f6z\u00fc s\u00f6yledi\u011fine dair sa\u011flam bir kan\u0131t yok; modern tarih yaz\u0131m\u0131 bunu \u00e7o\u011funlukla sonradan yap\u0131\u015fm\u0131\u015f bir kli\u015fe olarak de\u011ferlendiriyor.<\/p><p class=\"MsoNormal\">Peki bu c\u00fcmle neden \u201colmu\u015f gibi\u201d duruyor? \u00c7\u00fcnk\u00fc 1780\u2019lerin Fransas\u0131\u2019nda ekmek, sadece bir g\u0131da de\u011fil, g\u00fcndelik hayat\u0131n sinir ucu. Ekmek fiyat\u0131 y\u00fckseldi\u011finde mutfak hesab\u0131 de\u011fil, do\u011frudan \u201cya\u015fayabilirlik\u201d sars\u0131l\u0131yor. Bu sars\u0131nt\u0131, saray\u0131n l\u00fcks\u00fcne duyulan \u00f6fkeyle birle\u015fti\u011finde, s\u0131radan insan\u0131n g\u00f6z\u00fcnde y\u00f6netici s\u0131n\u0131f\u0131n ger\u00e7eklikten koptu\u011fu fikrini besliyor. \u201cEkmek yoksa brioche\u201d benzeri bir s\u00f6z, tam da bu y\u00fczden, daha a\u011f\u0131za al\u0131nmadan bile \u201cyak\u0131\u015fan\u201d bir su\u00e7lama gibi \u00e7al\u0131\u015f\u0131yor.<\/p><p class=\"MsoNormal\">Bu d\u00f6nemi s\u0131\u011f b\u0131rakmamak i\u00e7in as\u0131l dosyay\u0131 a\u00e7mak gerekiyor: Frans\u0131z Devrimi\u2019ne giden yolda sadece \u201cisraf\u201d yoktu; devletin mali yap\u0131s\u0131 kronik bi\u00e7imde t\u0131kanm\u0131\u015ft\u0131. Bor\u00e7lanma, sava\u015flar\u0131n ve devlet giderlerinin y\u00fck\u00fc, vergi toplama ve adalet hissiyle ilgili yap\u0131sal sorunlar birikiyordu. \u0130nsanlar yaln\u0131zca yoksulla\u015fm\u0131yor; ayn\u0131 zamanda sistemin kendilerine \u201cadaletsiz\u201d davrand\u0131\u011f\u0131n\u0131 hissediyordu. \u0130\u015fte devrimleri ate\u015fleyen \u015fey \u00e7o\u011fu zaman a\u00e7l\u0131k kadar, \u201chaks\u0131zl\u0131kla y\u00f6netiliyorum\u201d duygusudur.<\/p><p>\u00a0<\/p><p class=\"MsoNormal\">Vergi d\u00fczeni bu duygunun motoru h\u00e2line gelmi\u015fti. Ayr\u0131cal\u0131klar, muafiyetler, s\u0131n\u0131flar\u0131n farkl\u0131 y\u00fckler ta\u015f\u0131mas\u0131; geni\u015f kitlelerin s\u0131rt\u0131nda a\u011f\u0131rla\u015fan d\u00fczen\u2026 Bu tablo, \u00f6fkeyi ki\u015fisel bir d\u00fc\u015fmana y\u00f6nlendirmeyi kolayla\u015ft\u0131r\u0131r. Sadece \u201csistem\u201de k\u0131zmak soyut kal\u0131r; ama krali\u00e7e \u00fczerinden bir c\u00fcmle buldu\u011fun an, \u00f6fke ete kemi\u011fe b\u00fcr\u00fcn\u00fcr. Bu y\u00fczden Antoinette\u2019in bu c\u00fcmleyi s\u00f6ylememi\u015f olmas\u0131, c\u00fcmlenin etkisini azaltmaz; tam tersine, c\u00fcmle tarihsel bir kay\u0131ttan \u00e7ok \u201csiyasi psikoloji\u201dye d\u00f6n\u00fc\u015f\u00fcr.\u00a0<\/p>\t\t\t\t\t\t<\/div>\n\t\t\t\t<\/div>\n\t\t\t\t\t<\/div>\n\t\t<\/div>\n\t\t\t\t\t<\/div>\n\t\t<\/section>\n\t\t\t\t<section class=\"elementor-section elementor-top-section elementor-element elementor-element-6eb0b843 elementor-section-boxed elementor-section-height-default elementor-section-height-default\" data-id=\"6eb0b843\" data-element_type=\"section\">\n\t\t\t\t\t\t<div class=\"elementor-container elementor-column-gap-default\">\n\t\t\t\t\t<div class=\"elementor-column elementor-col-100 elementor-top-column elementor-element elementor-element-3d257373\" data-id=\"3d257373\" data-element_type=\"column\">\n\t\t\t<div class=\"elementor-widget-wrap elementor-element-populated\">\n\t\t\t\t\t\t<div class=\"elementor-element elementor-element-4b5285a2 elementor-widget elementor-widget-heading\" data-id=\"4b5285a2\" data-element_type=\"widget\" data-widget_type=\"heading.default\">\n\t\t\t\t<div class=\"elementor-widget-container\">\n\t\t\t<h2 id=\"2-orta-cag-duz-dunya-karikaturu-ve-kolombun-kahraman-kasif-masali\" class=\"elementor-heading-title elementor-size-default\"><p><b>2) Orta \u00c7a\u011f \u201cd\u00fcz d\u00fcnya\u201d karikat\u00fcr\u00fc ve Kolomb\u2019un \u201ckahraman ka\u015fif\u201d masal\u0131 <\/b><span style=\"font-size: 2rem;letter-spacing: -0.025em\"><\/span><\/p><\/h2>\t\t<\/div>\n\t\t\t\t<\/div>\n\t\t\t\t<div class=\"elementor-element elementor-element-7423755 elementor-widget elementor-widget-text-editor\" data-id=\"7423755\" data-element_type=\"widget\" data-widget_type=\"text-editor.default\">\n\t\t\t\t<div class=\"elementor-widget-container\">\n\t\t\t\t\t\t\t<p class=\"MsoNormal\">\u201cOrta \u00c7a\u011f\u2019da herkes d\u00fcnyan\u0131n d\u00fcz oldu\u011funa inan\u0131yordu\u201d c\u00fcmlesi, tarih bilgisinden \u00e7ok modernli\u011fin kendini pazarlama slogan\u0131 gibi i\u015fliyor. \u00c7\u00fcnk\u00fc bu c\u00fcmle, ge\u00e7mi\u015fi tek renge boyuyor: karanl\u0131k, cahil, dogmatik. Oysa bilim tarih\u00e7ili\u011finde uzun s\u00fcredir vurgulanan bir nokta var: e\u011fitimli \u00e7evrelerde d\u00fcnyan\u0131n k\u00fcresel oldu\u011fu bilgisi, Antik d\u00f6nemin miras\u0131 \u00fczerinden \u00e7e\u015fitli kanallarla ya\u015famaya devam etti; \u201cd\u00fcz d\u00fcnya\u201d anlat\u0131s\u0131n\u0131n kitlelere \u201cOrta \u00c7a\u011f\u2019\u0131n ortak inanc\u0131\u201d gibi sunulmas\u0131 ise \u00f6zellikle 19. y\u00fczy\u0131lda, din\u2013bilim \u00e7at\u0131\u015fmas\u0131n\u0131 keskinle\u015ftiren pop\u00fcler tarih kurgular\u0131yla g\u00fc\u00e7 kazand\u0131. Washington Irving\u2019in Kolomb biyografisinin romantize edilmi\u015f etkisi ve Draper\u2013White \u00e7izgisindeki \u201c\u00e7at\u0131\u015fma tezi\u201d literat\u00fcr\u00fcn\u00fcn bu miti yayg\u0131nla\u015ft\u0131rd\u0131\u011f\u0131 \u00f6zellikle not edilir.<\/p><p class=\"MsoNormal\">As\u0131l tahribat \u015furada: \u201cOrta \u00c7a\u011f\u201d dendi\u011finde insanlar yaln\u0131z Avrupa\u2019y\u0131 hayal ediyor ve onu da tek bir y\u00fczy\u0131l gibi okuyor. Oysa ayn\u0131 y\u00fczy\u0131llar i\u00e7inde bilgi \u00fcretimi co\u011frafyaya g\u00f6re farkl\u0131 ritimlerde ak\u0131yordu. \u0130slam co\u011frafyas\u0131nda astronomi, matematik ve co\u011frafya gelene\u011fi; \u00f6l\u00e7\u00fcm, g\u00f6zlem ve metin \u00fcretimiyle, yaln\u0131z teorik tart\u0131\u015fma de\u011fil pratik bilgi \u00fcretimi de sa\u011fl\u0131yordu. Bu, \u201cDo\u011fu daha ileriydi\u201d gibi sloganla\u015ft\u0131r\u0131lacak bir yar\u0131\u015f c\u00fcmlesi de\u011fil; basit bir tarih ger\u00e7e\u011fi: e\u015fzamanl\u0131 d\u00fcnyada farkl\u0131 b\u00f6lgeler farkl\u0131 alanlarda farkl\u0131 ivmelere sahipti. \u201cD\u00fcz d\u00fcnya Orta \u00c7a\u011f\u2019\u0131n ortak fikriydi\u201d masal\u0131, bu e\u015fzamanl\u0131l\u0131\u011f\u0131 \u00f6ld\u00fcr\u00fcyor.<\/p><p class=\"MsoNormal\">Sonra sahne Kolomb\u2019a b\u0131rak\u0131l\u0131yor ve hik\u00e2ye daha da sinemasalla\u015f\u0131yor: \u201cKolomb gitti, d\u00fcnyay\u0131 yuvarlak ispatlad\u0131.\u201d Bu anlat\u0131, dramatik olarak \u015fahanedir ama tarihsel olarak eksiktir. Kolomb\u2019un d\u00f6neminde \u201cd\u00fcnya d\u00fcz m\u00fc?\u201d sorusu pop\u00fcler masal\u0131n s\u00f6yledi\u011fi kadar merkezi de\u011fildir; daha kritik tart\u0131\u015fma, bat\u0131dan giderek Asya\u2019ya ula\u015fma fikrinin mesafe hesab\u0131, lojisti\u011fi ve riskidir. Kolomb\u2019un hik\u00e2yesini ger\u00e7ekten ilgin\u00e7 yapan \u015fey ise \u201ctek hamlede ispat\u201d de\u011fil; \u0131srarla ta\u015f\u0131d\u0131\u011f\u0131 yan\u0131lg\u0131d\u0131r: vard\u0131\u011f\u0131 yerleri uzun s\u00fcre Asya\u2019n\u0131n bir par\u00e7as\u0131 sanmas\u0131 ve baz\u0131 noktalarda bu yoruma neredeyse inatla tutunmas\u0131.<\/p><p class=\"MsoNormal\">\u0130\u015fte burada Piri Reis haritas\u0131 \u00e7ok iyi bir e\u015fik oluyor, \u00e7\u00fcnk\u00fc \u201ctek kahraman\u201d masal\u0131n\u0131 da\u011f\u0131tan \u015fey haritan\u0131n kendisi: 1513 tarihli Piri Reis haritas\u0131, farkl\u0131 kaynaklar\u0131n bir araya gelmesiyle olu\u015fmu\u015f bir derleme portolan olarak de\u011ferlendirilir; bir yandan d\u00f6nemin \u0130slam\u00ee g\u00f6rsel gelene\u011finin izlerini ta\u015f\u0131rken \u00f6te yandan Avrupa kaynaklar\u0131n\u0131n dola\u015f\u0131m\u0131n\u0131 da g\u00f6sterir. Harita \u00fczerine yap\u0131lan de\u011ferlendirmelerde, Kolomb\u2019a ait oldu\u011fu d\u00fc\u015f\u00fcn\u00fclen kay\u0131p haritalarla ili\u015fkilenebilecek unsurlardan s\u00f6z edilir; Piri Reis\u2019in kaynak olarak Kolomb haritas\u0131na de\u011findi\u011fine ili\u015fkin tart\u0131\u015fmalar bu y\u00fczden \u00f6nemlidir. Bu noktada \u201cAmerika\u2019y\u0131 biz ke\u015ffettik\u201d gibi hamasi bir \u00e7\u0131k\u0131\u015fa hi\u00e7 gerek yok; as\u0131l vuruculuk \u015furada: ke\u015fif anlat\u0131lar\u0131 \u00e7o\u011fu zaman tek ki\u015finin cesareti de\u011fil, bilginin dola\u015f\u0131m\u0131, haritalar\u0131n el de\u011fi\u015ftirmesi, yanl\u0131\u015flar\u0131n ve d\u00fczeltmelerin \u00fcst \u00fcste binmesidir.<\/p><p class=\"MsoNormal\">Bu noktada \u201cOrta \u00c7a\u011f\u201d denen zaman\u0131n, tek bir co\u011frafyada donmu\u015f bir karanl\u0131k olmad\u0131\u011f\u0131 ger\u00e7e\u011fi kendini hissettirmeye ba\u015flar. Avrupa Roma miras\u0131yla ne yapaca\u011f\u0131n\u0131 tart\u0131\u015f\u0131rken, ayn\u0131 y\u00fczy\u0131llarda Do\u011fu\u2019da bilgi bamba\u015fka bir h\u0131zla dola\u015f\u0131yordu. Ba\u011fdat\u2019tan \u015eam\u2019a, Kahire\u2019den Kurtuba\u2019ya uzanan hat \u00fczerinde matematik, astronomi, t\u0131p ve co\u011frafya yaln\u0131zca korunmuyor; yeniden \u00fcretiliyor, tart\u0131\u015f\u0131l\u0131yor ve geli\u015ftiriliyordu. El-H\u00e2rizm\u00ee\u2019nin cebiri, \u0130bn\u00fc\u2019l-Heysem\u2019in deney ve g\u00f6zleme dayal\u0131 opti\u011fi, \u0130bn S\u00een\u00e2\u2019n\u0131n y\u00fczy\u0131llarca Avrupa \u00fcniversitelerinde okutulacak t\u0131p k\u00fclliyat\u0131; \u201ckaranl\u0131k \u00e7a\u011f\u201d etiketiyle yan yana durmayan ama ayn\u0131 y\u00fczy\u0131llarda ya\u015fayan \u00f6rneklerdi. Bu \u00fcretim, bir vitrin ba\u015far\u0131s\u0131 de\u011fil; hastaneleri, g\u00f6zlemevlerini, \u00f6l\u00e7\u00fcm aletlerini ve haritalar\u0131 olan kurumsal bir d\u00fcnyaya dayan\u0131yordu.<\/p><p class=\"MsoNormal\">Bilgi burada sabit kalmad\u0131; dola\u015ft\u0131. End\u00fcl\u00fcs ve Sicilya \u00fczerinden Avrupa\u2019ya ta\u015f\u0131nan metinler, Toledo gibi \u00e7eviri merkezlerinde Latinceye \u00e7evrildi; Aristoteles\u2019ten t\u0131bba, matematikten co\u011frafyaya uzanan bir da\u011farc\u0131k, Avrupa\u2019n\u0131n \u201cyeniden \u00f6\u011frenme\u201d d\u00f6nemlerine s\u0131zd\u0131. Yani Avrupa\u2019n\u0131n \u201cuyan\u0131\u015f\u0131\u201d, tek ba\u015f\u0131na bir s\u0131\u00e7rama de\u011fil; Akdeniz\u2019in iki yakas\u0131 aras\u0131nda gidip gelen uzun bir aktar\u0131m zincirinin sonucuydu. Bu zincir g\u00f6r\u00fcn\u00fcr oldu\u011funda, Orta \u00c7a\u011f\u2019\u0131 tek renge boyayan anlat\u0131 \u00e7atlamaya ba\u015flar: ayn\u0131 anda farkl\u0131 yerlerde farkl\u0131 \u015feyler oluyordu.<\/p><p>\u00a0<\/p><p class=\"MsoNormal\">Tam da bu y\u00fczden Kolomb\u2019un hik\u00e2yesi, \u00e7o\u011fu zaman anlat\u0131ld\u0131\u011f\u0131 gibi \u201ckaranl\u0131\u011f\u0131 y\u0131rtan tek adam\u201d masal\u0131 de\u011fildir. O masal, e\u015fzamanl\u0131l\u0131\u011f\u0131 susturur; bilginin dola\u015f\u0131m\u0131n\u0131 tek bir cesaret an\u0131na indirger. Oysa Kolomb\u2019un d\u00fcnyas\u0131, haritalar\u0131n el de\u011fi\u015ftirdi\u011fi, hesaplar\u0131n tart\u0131\u015f\u0131ld\u0131\u011f\u0131, yanl\u0131\u015flar\u0131n d\u00fczeltilip yeniden denendi\u011fi bir d\u00fcnyayd\u0131. Kahraman masal\u0131 burada devreye girer: a\u011flar\u0131 siler, d\u00fc\u011f\u00fcm\u00fc tek bir ele ba\u011flar. E\u015fzamanl\u0131l\u0131k g\u00f6r\u00fcn\u00fcr kald\u0131\u011f\u0131nda ise masal kendili\u011finden \u00e7\u00f6z\u00fcl\u00fcr; geriye, y\u00fczy\u0131llara yay\u0131lan bir birikimin \u00fcst\u00fcne in\u015fa edilmi\u015f bir yolculuk kal\u0131r.<\/p>\t\t\t\t\t\t<\/div>\n\t\t\t\t<\/div>\n\t\t\t\t\t<\/div>\n\t\t<\/div>\n\t\t\t\t\t<\/div>\n\t\t<\/section>\n\t\t\t\t<section class=\"elementor-section elementor-top-section elementor-element elementor-element-605c8c2e elementor-section-boxed elementor-section-height-default elementor-section-height-default\" data-id=\"605c8c2e\" data-element_type=\"section\">\n\t\t\t\t\t\t<div class=\"elementor-container elementor-column-gap-default\">\n\t\t\t\t\t<div class=\"elementor-column elementor-col-100 elementor-top-column elementor-element elementor-element-5b5dbf04\" data-id=\"5b5dbf04\" data-element_type=\"column\">\n\t\t\t<div class=\"elementor-widget-wrap elementor-element-populated\">\n\t\t\t\t\t\t<div class=\"elementor-element elementor-element-767825b1 elementor-widget elementor-widget-image\" data-id=\"767825b1\" data-element_type=\"widget\" data-widget_type=\"image.default\">\n\t\t\t\t<div class=\"elementor-widget-container\">\n\t\t\t\t\t\t\t\t\t\t\t\t\t\t<a href=\"http:\/\/herkafadanses.com\/wp-content\/uploads\/2026\/01\/kristopf-kolomp.png\" data-elementor-open-lightbox=\"yes\" data-elementor-lightbox-title=\"kristopf kolomp\" data-e-action-hash=\"#elementor-action%3Aaction%3Dlightbox%26settings%3DeyJpZCI6IjU0MzgiLCJ1cmwiOiJodHRwczpcL1wvaGVya2FmYWRhbnNlcy5jb21cL3dwLWNvbnRlbnRcL3VwbG9hZHNcLzIwMjZcLzAxXC9rcmlzdG9wZi1rb2xvbXAucG5nIn0%3D\">\n\t\t\t\t\t\t\t<img decoding=\"async\" width=\"467\" height=\"700\" src=\"https:\/\/herkafadanses.com\/wp-content\/uploads\/2026\/01\/kristopf-kolomp-467x700.png\" class=\"attachment-large size-large wp-image-5438\" alt=\"\" srcset=\"https:\/\/herkafadanses.com\/wp-content\/uploads\/2026\/01\/kristopf-kolomp-467x700.png 467w, https:\/\/herkafadanses.com\/wp-content\/uploads\/2026\/01\/kristopf-kolomp-200x300.png 200w, https:\/\/herkafadanses.com\/wp-content\/uploads\/2026\/01\/kristopf-kolomp-768x1152.png 768w, https:\/\/herkafadanses.com\/wp-content\/uploads\/2026\/01\/kristopf-kolomp-8x12.png 8w, https:\/\/herkafadanses.com\/wp-content\/uploads\/2026\/01\/kristopf-kolomp-800x1200.png 800w, https:\/\/herkafadanses.com\/wp-content\/uploads\/2026\/01\/kristopf-kolomp.png 1024w\" sizes=\"(max-width: 467px) 100vw, 467px\" \/>\t\t\t\t\t\t\t\t<\/a>\n\t\t\t\t\t\t\t\t\t\t\t\t\t<\/div>\n\t\t\t\t<\/div>\n\t\t\t\t\t<\/div>\n\t\t<\/div>\n\t\t\t\t\t<\/div>\n\t\t<\/section>\n\t\t\t\t<section class=\"elementor-section elementor-top-section elementor-element elementor-element-43785349 elementor-section-boxed elementor-section-height-default elementor-section-height-default\" data-id=\"43785349\" data-element_type=\"section\">\n\t\t\t\t\t\t<div class=\"elementor-container elementor-column-gap-default\">\n\t\t\t\t\t<div class=\"elementor-column elementor-col-100 elementor-top-column elementor-element elementor-element-4ef8f28c\" data-id=\"4ef8f28c\" data-element_type=\"column\">\n\t\t\t<div class=\"elementor-widget-wrap elementor-element-populated\">\n\t\t\t\t\t\t<div class=\"elementor-element elementor-element-a9df2ab elementor-widget elementor-widget-heading\" data-id=\"a9df2ab\" data-element_type=\"widget\" data-widget_type=\"heading.default\">\n\t\t\t\t<div class=\"elementor-widget-container\">\n\t\t\t<h2 id=\"3-spartalilar-mukemmel-savas-makineleriydi-300-kisiyledunyayi-titretti\" class=\"elementor-heading-title elementor-size-default\"><p><b>3) \u201cSpartal\u0131lar m\u00fckemmel sava\u015f makineleriydi; 300 ki\u015fiyle\nd\u00fcnyay\u0131 titretti.\u201d<\/b><span style=\"font-size: 2rem;letter-spacing: -0.025em\"><\/span><\/p><\/h2>\t\t<\/div>\n\t\t\t\t<\/div>\n\t\t\t\t<div class=\"elementor-element elementor-element-6a987b8a elementor-widget elementor-widget-text-editor\" data-id=\"6a987b8a\" data-element_type=\"widget\" data-widget_type=\"text-editor.default\">\n\t\t\t\t<div class=\"elementor-widget-container\">\n\t\t\t\t\t\t\t<p class=\"MsoNormal\">Thermopylai, tarihin \u201ctek sahneyle efsane\u201d \u00fcretmeye en uygun olaylar\u0131ndan biridir: dar bir ge\u00e7it, say\u0131ca \u00fcst\u00fcn d\u00fc\u015fman, geri \u00e7ekilmeyi reddeden bir lider ve \u201cson direni\u015f\u201d duygusu. Tam da bu y\u00fczden Thermopylai\u2019yi konu\u015furken \u00e7o\u011fu insan\u0131n zihninde tarih de\u011fil, bir poster canlan\u0131r. O posterde 300 vard\u0131r; kas, disiplin, slogan ve kesin bir \u00f6l\u00fcm. Oysa tarihsel \u00e7er\u00e7eve ilk kesintiyi daha en ba\u015fta yapar: Thermopylai bir \u201cSpartal\u0131lar olay\u0131\u201d de\u011fil, farkl\u0131 Yunan birliklerinin bir araya geldi\u011fi bir savunma giri\u015fimidir. Modern \u00f6zetlerde bile ba\u015flang\u0131\u00e7ta yakla\u015f\u0131k 7 bin civar\u0131nda bir Yunan g\u00fcc\u00fcnden s\u00f6z edilir; Leonidas geri \u00e7ekilmeyi sa\u011flamak i\u00e7in ordunun b\u00fcy\u00fck k\u0131sm\u0131n\u0131 g\u00f6nderdi\u011finde yan\u0131nda yaln\u0131z Spartal\u0131lar de\u011fil, \u00f6rne\u011fin Thespial\u0131lar gibi geri \u00e7ekilmeyi reddeden ba\u015fka birlikler de kal\u0131r. 300 efsanesi, bu kolektif tabloyu daralt\u0131p tek bir markaya indirger.<\/p><p class=\"MsoNormal\">Bu daraltman\u0131n nas\u0131l \u00e7al\u0131\u015ft\u0131\u011f\u0131 \u00f6nemli: \u201c300\u201d say\u0131s\u0131, anlat\u0131y\u0131 matematiksel mucizeye \u00e7evirir. Say\u0131y\u0131 b\u00fcy\u00fctt\u00fc\u011f\u00fcnde, mucize hissi azal\u0131r; mucize azal\u0131nca hik\u00e2ye sat\u0131lmaz. Pop\u00fcler k\u00fclt\u00fcr bu y\u00fczden 700 Thespial\u0131\u2019y\u0131, 400 Thebaili unsuru, geriye kalan helotlar\u0131 ya da stratejik ayr\u0131nt\u0131lar\u0131 konu\u015fmay\u0131 sevmez; \u00e7\u00fcnk\u00fc bunlar epik duyguyu \u201cteknik rapor\u201da d\u00f6n\u00fc\u015ft\u00fcr\u00fcr. Thermopylai\u2019nin efsanesi, basit bir ak\u0131\u015f ister: iyi adamlar az, k\u00f6t\u00fc adamlar \u00e7ok, iyi adamlar \u00f6l\u00fcr, biz a\u011flar\u0131z ve gururlan\u0131r\u0131z.<\/p><p class=\"MsoNormal\">Sparta\u2019y\u0131 \u201cm\u00fckemmel sava\u015f makinesi\u201d yapan mit de b\u00f6yle kurulur. Sparta\u2019n\u0131n askeri e\u011fitim ve disiplin vurgusu elbette tarihsel bir temele dayan\u0131r; fakat pop\u00fcler anlat\u0131, bu temeli b\u00fcy\u00fct\u00fcrken Sparta\u2019n\u0131n toplumsal bedellerini genellikle budar. Sparta\u2019n\u0131n sertli\u011fi sadece sava\u015f alan\u0131nda de\u011fil, toplum d\u00fczeninde de kendini g\u00f6sterir: devletin birey \u00fczerindeki bask\u0131s\u0131, hiyerar\u015fi, kontrol ve \u201cuyumsuzu d\u0131\u015flama\u201d mekanizmalar\u0131, disiplinin karanl\u0131k y\u00fcz\u00fcn\u00fc ta\u015f\u0131r. Film dili ise disiplinin karanl\u0131k y\u00fcz\u00fcn\u00fc de\u011fil, onun \u201csert ve haval\u0131\u201d y\u00fcz\u00fcn\u00fc parlatmay\u0131 sever. B\u00f6yle olunca Sparta, tarihteki bir polis de\u011fil; modern d\u00fcnyan\u0131n kendi sertlik fantezisini giydirdi\u011fi bir kost\u00fcm olur.<\/p><p class=\"MsoNormal\">Thermopylai\u2019nin bu kadar evrensel bir ikon olmas\u0131n\u0131n daha derin bir sebebi de var: \u201cyenilgiyi bile zafere \u00e7eviren\u201d anlat\u0131lar, toplumlar\u0131n psikolojisinde \u00e7ok g\u00fc\u00e7l\u00fcd\u00fcr. Bir topluluk her zaman kazanamaz; ama kaybetti\u011fi yerleri \u201conur\u201da \u00e7evirerek kendine moral sto\u011fu \u00fcretir. Thermopylai, bunun k\u00fcresel \u00f6l\u00e7ekte en ta\u015f\u0131nabilir \u00f6rne\u011fidir. Bir \u00fclke, bir grup, bir fikir; Thermopylai\u2019yi kendi hik\u00e2yesine yamay\u0131p \u201caz ama diren\u00e7li\u201d kimli\u011fini kutsayabilir. Yani Sparta miti sadece Yunan tarihinden de\u011fil, insanlar\u0131n \u201ckayb\u0131 anlamland\u0131rma\u201d ihtiyac\u0131ndan beslenir.<\/p><p class=\"MsoNormal\">\u00d6te yandan Thermopylai anlat\u0131s\u0131n\u0131n bu kadar kolay \u201cmedeniyet\u2013barbarl\u0131k\u201d ikili\u011fine oturtulmas\u0131n\u0131n bir nedeni de, d\u00f6nemin yaln\u0131zca Yunan g\u00f6z\u00fcnden okunmas\u0131d\u0131r. Oysa Pers \u0130mparatorlu\u011fu, pop\u00fcler anlat\u0131n\u0131n sevdi\u011fi gibi yaln\u0131zca \u201csay\u0131dan ibaret bir tehdit\u201d de\u011fildi; idari kapasitesi, yollar\u0131, vergi sistemi ve \u00e7okk\u00fclt\u00fcrl\u00fc yap\u0131s\u0131yla \u00e7a\u011f\u0131n\u0131n en organize siyasal d\u00fczenlerinden birini temsil ediyordu. Persler, fethettikleri co\u011frafyalarda yerel dinleri ve gelenekleri \u00e7o\u011fu zaman koruyan, imparatorlu\u011fu bir a\u011f gibi y\u00f6neten bir yap\u0131 kurmu\u015flard\u0131. Yunan anlat\u0131s\u0131 bu d\u00fczeni \u201c\u00f6zg\u00fcrl\u00fc\u011fe d\u00fc\u015fman do\u011fu despotizmi\u201d diye sadele\u015ftirirken, kendi \u015fehir devletlerindeki k\u00f6lelik, d\u0131\u015flay\u0131c\u0131l\u0131k ve s\u0131n\u0131rl\u0131 yurtta\u015fl\u0131k tan\u0131m\u0131n\u0131 perde arkas\u0131nda b\u0131rakmay\u0131 tercih etti.<\/p><p class=\"MsoNormal\">Bu kar\u015f\u0131tl\u0131k, yaln\u0131z antik kaynaklarda de\u011fil, modern yorumlarda da tekrar \u00fcretildi. Bat\u0131 merkezli tarih anlat\u0131s\u0131, Yunan d\u00fcnyas\u0131n\u0131 \u201cakl\u0131n ve \u00f6zg\u00fcrl\u00fc\u011f\u00fcn be\u015fi\u011fi\u201d olarak y\u00fckseltirken, Persleri \u00e7o\u011fu zaman bir fon dekoruna d\u00f6n\u00fc\u015ft\u00fcrd\u00fc. Oysa ayn\u0131 y\u00fczy\u0131llarda Akdeniz\u2019in do\u011fusunda ve \u00f6tesinde devlet y\u00f6netimi, m\u00fchendislik, tar\u0131m organizasyonu ve ticaret a\u011flar\u0131 gibi alanlarda ciddi bir kurumsal deneyim birikmi\u015fti. Bu birikimi \u201cbarbarl\u0131k\u201d etiketiyle d\u0131\u015far\u0131 att\u0131\u011f\u0131nda, Thermopylai de ister istemez bir uygarl\u0131klar \u00e7at\u0131\u015fmas\u0131 sahnesine d\u00f6n\u00fc\u015f\u00fcr.<\/p><p class=\"MsoNormal\">Bu noktada Sparta miti daha da netle\u015fir: Sparta\u2019n\u0131n sertli\u011fi ve disiplininin parlat\u0131lmas\u0131, kar\u015f\u0131s\u0131na \u201cdaha sert, daha kalabal\u0131k ve daha korkun\u00e7\u201d bir \u00f6teki yerle\u015ftirmeyi gerektirir. Persler bu rol i\u00e7in idealdir. B\u00f6ylece Thermopylai, tarihsel bir savunma hatt\u0131 olmaktan \u00e7\u0131k\u0131p, Bat\u0131\u2019n\u0131n kendini tan\u0131mlad\u0131\u011f\u0131 bir aynaya d\u00f6n\u00fc\u015f\u00fcr. Aynaya ne kadar bakarsan bak, orada g\u00f6rd\u00fc\u011f\u00fcn \u015fey art\u0131k Persler de\u011fil; Bat\u0131\u2019n\u0131n kendine anlatt\u0131\u011f\u0131 hik\u00e2yedir. E\u015fzamanl\u0131l\u0131k g\u00f6r\u00fcn\u00fcr kald\u0131\u011f\u0131nda yani ayn\u0131 \u00e7a\u011fda farkl\u0131 siyasal d\u00fczenlerin, farkl\u0131 \u201cmedeniyet\u201d bi\u00e7imlerinin var oldu\u011fu kabul edildi\u011finde bu hik\u00e2ye basitli\u011fini kaybeder. Sparta h\u00e2l\u00e2 \u00e7arp\u0131c\u0131d\u0131r; ama art\u0131k \u201ctek do\u011fru\u201d de\u011fildir.<\/p><p>\u00a0<\/p><p class=\"MsoNormal\">Son olarak, sinema pop\u00fclerizmi dedi\u011fin nokta bu dosyan\u0131n kilidi: sinema, bir d\u00f6nemi anlatmaz; bir duyguyu b\u00fcy\u00fct\u00fcr. 300 gibi yap\u0131mlar Thermopylai\u2019yi tarihsel ba\u011flam\u0131ndan kopar\u0131p bir \u201cerkeklik ve kahramanl\u0131k alegorisi\u201dne \u00e7evirirken, Persleri de \u00e7o\u011fu zaman \u201c\u00f6teki\u201dle\u015ftirerek tek boyuta indirir. B\u00f6yle bir dil, tarihsel bir sava\u015f\u0131 bug\u00fcn\u00fcn kimlik sava\u015flar\u0131na hammadde yapar. Bu yanl\u0131\u015f olmak zorunda de\u011fildir; ama tehlikelidir: izleyici bunun \u201cyorum\u201d oldu\u011funu unutup \u201ctarih b\u00f6yleydi\u201d diye kaydeder. Thermopylai miti, tam burada tarihten \u00e7\u0131k\u0131p propaganda esteti\u011fine d\u00f6n\u00fc\u015f\u00fcr.\u00a0<\/p>\t\t\t\t\t\t<\/div>\n\t\t\t\t<\/div>\n\t\t\t\t\t<\/div>\n\t\t<\/div>\n\t\t\t\t\t<\/div>\n\t\t<\/section>\n\t\t\t\t<section class=\"elementor-section elementor-top-section elementor-element elementor-element-7d775b7a elementor-section-boxed elementor-section-height-default elementor-section-height-default\" data-id=\"7d775b7a\" data-element_type=\"section\">\n\t\t\t\t\t\t<div class=\"elementor-container elementor-column-gap-default\">\n\t\t\t\t\t<div class=\"elementor-column elementor-col-100 elementor-top-column elementor-element elementor-element-4a990449\" data-id=\"4a990449\" data-element_type=\"column\">\n\t\t\t<div class=\"elementor-widget-wrap elementor-element-populated\">\n\t\t\t\t\t\t<div class=\"elementor-element elementor-element-40c15234 elementor-widget elementor-widget-heading\" data-id=\"40c15234\" data-element_type=\"widget\" data-widget_type=\"heading.default\">\n\t\t\t\t<div class=\"elementor-widget-container\">\n\t\t\t<h2 id=\"4-vikingler-boynuzlu-kask-takardi\" class=\"elementor-heading-title elementor-size-default\"><p><b>4) \u201cVikingler boynuzlu kask takard\u0131.\u201d<\/b><span style=\"font-size: 2rem;letter-spacing: -0.025em\"><\/span><\/p><\/h2>\t\t<\/div>\n\t\t\t\t<\/div>\n\t\t\t\t<div class=\"elementor-element elementor-element-44f22403 elementor-widget elementor-widget-text-editor\" data-id=\"44f22403\" data-element_type=\"widget\" data-widget_type=\"text-editor.default\">\n\t\t\t\t<div class=\"elementor-widget-container\">\n\t\t\t\t\t\t\t<p class=\"MsoNormal\">Boynuzlu Viking kask\u0131, yanl\u0131\u015f bilginin en dayan\u0131kl\u0131 t\u00fcr\u00fcne \u00f6rnek: c\u00fcmle de\u011fil, <b>imge<\/b>. Bir kere boynuzlu bir siluet g\u00f6rd\u00fc\u011f\u00fcnde \u201cViking\u201d dersin; beyin kalan\u0131n\u0131 otomatik doldurur. Arkeoloji \u201ckan\u0131t yok\u201d dedi\u011finde bile, imge zaten kazanm\u0131\u015ft\u0131r. Nitekim pop\u00fcler tarih anlat\u0131lar\u0131nda s\u0131k\u00e7a vurgulanan nokta \u015fudur: Viking \u00c7a\u011f\u0131\u2019na ait kaz\u0131larda boynuzlu sava\u015f kasklar\u0131na dair kan\u0131t bulunmaz; bu imge daha sonra in\u015fa edilmi\u015f bir g\u00f6rsel kimliktir.<\/p><p class=\"MsoNormal\">Bu imgenin ortaya \u00e7\u0131k\u0131\u015f\u0131, \u201ctarihi \u00e7\u00f6p etmek\u201d dedi\u011fin \u015feyin nas\u0131l i\u015fledi\u011fini net g\u00f6sterir. 19. y\u00fczy\u0131l romantizmi, \u201ckuzeyli barbar\u201d\u0131 hem korkutucu hem egzotik bir sahne dekoru olarak sever. Opera ve sahne esteti\u011fi, karma\u015f\u0131k bir k\u00fclt\u00fcr\u00fc tek bak\u0131\u015fta tan\u0131n\u0131r k\u0131lmak ister; boynuz bunun i\u00e7in m\u00fckemmel bir sembold\u00fcr. Bunun Wagner\u2019le ili\u015fkilendirildi\u011fi tart\u0131\u015fmalar bile, asl\u0131nda daha geni\u015f bir \u015feye i\u015faret eder: modern Avrupa, ge\u00e7mi\u015fi anlamak i\u00e7in de\u011fil, kendine bir \u201cepik arka plan\u201d \u00fcretmek i\u00e7in yeniden tasarlar.<\/p><p class=\"MsoNormal\">Boynuzlu kask, Vikingleri yanl\u0131\u015f anlatman\u0131n \u00f6tesinde Vikingleri \u201ctarihsizle\u015ftirir\u201d. \u00c7\u00fcnk\u00fc Viking \u00c7a\u011f\u0131, ya\u011fma kadar ticareti, denizcilik kadar yerle\u015fimi, \u015fiddet kadar hukuku da i\u00e7erir. Pop\u00fcler anlat\u0131 bu \u00e7e\u015fitlili\u011fi sevmez; \u201cViking = ya\u011fmac\u0131\u201d daha h\u0131zl\u0131d\u0131r. O h\u0131z, ger\u00e7e\u011fi budar. Sonra budanm\u0131\u015f hik\u00e2ye dizi\/film esteti\u011fine d\u00f6n\u00fc\u015f\u00fcr ve geri d\u00f6n\u00fcp akademik bilginin \u00fcst\u00fcne \u00e7\u00f6ker: art\u0131k bilgi, imgenin alt\u0131nda nefessiz kal\u0131r.<\/p><p class=\"MsoNormal\">Vikinglerle ilgili yanl\u0131\u015flar genellikle paket h\u00e2linde gelir: \u201cbarbar ve pis\u201d, \u201cmedeniyet d\u00fc\u015fman\u0131\u201d, \u201csadece kan ve ate\u015f.\u201d Oysa bir toplumun sadece sava\u015f sahneleriyle an\u0131lmas\u0131, onun ger\u00e7ekli\u011fini siler. Boynuzlu kask\u0131n as\u0131l su\u00e7u da budur: Vikingleri tarihin i\u00e7inden \u00e7\u0131kar\u0131p fantezi raf\u0131na koyar. Orada da bir daha kolay kolay geri d\u00f6nmezler; \u00e7\u00fcnk\u00fc fantezinin raf\u0131nda her \u015fey daha e\u011flencelidir.<\/p><p>\u00a0<\/p><p class=\"MsoNormal\">Yanl\u0131\u015f\u0131n k\u00f6keninde \u201cbilgisizlik\u201dten \u00e7ok \u201ctasar\u0131m\u201d olmas\u0131d\u0131r. Boynuz, hik\u00e2yeyi h\u0131zland\u0131r\u0131r. H\u0131zlanm\u0131\u015f hik\u00e2ye, dola\u015f\u0131ma girer. Dola\u015f\u0131ma giren hik\u00e2ye, tarihin yerini al\u0131r.\u00a0<\/p>\t\t\t\t\t\t<\/div>\n\t\t\t\t<\/div>\n\t\t\t\t\t<\/div>\n\t\t<\/div>\n\t\t\t\t\t<\/div>\n\t\t<\/section>\n\t\t\t\t<section class=\"elementor-section elementor-top-section elementor-element elementor-element-35ee45d1 elementor-section-boxed elementor-section-height-default elementor-section-height-default\" data-id=\"35ee45d1\" data-element_type=\"section\">\n\t\t\t\t\t\t<div class=\"elementor-container elementor-column-gap-default\">\n\t\t\t\t\t<div class=\"elementor-column elementor-col-100 elementor-top-column elementor-element elementor-element-29555f79\" data-id=\"29555f79\" data-element_type=\"column\">\n\t\t\t<div class=\"elementor-widget-wrap elementor-element-populated\">\n\t\t\t\t\t\t<div class=\"elementor-element elementor-element-ddac79 elementor-widget elementor-widget-heading\" data-id=\"ddac79\" data-element_type=\"widget\" data-widget_type=\"heading.default\">\n\t\t\t\t<div class=\"elementor-widget-container\">\n\t\t\t<h2 id=\"5-gladyator-dovuslerinde-basparmak-asagi-olum-demekti\" class=\"elementor-heading-title elementor-size-default\"><p><b>5) \u201cGladyat\u00f6r d\u00f6v\u00fc\u015flerinde ba\u015fparmak a\u015fa\u011f\u0131 \u00f6l\u00fcm demekti.\u201d<\/b><span style=\"font-size: 2rem;letter-spacing: -0.025em\"><\/span><\/p><\/h2>\t\t<\/div>\n\t\t\t\t<\/div>\n\t\t\t\t<div class=\"elementor-element elementor-element-63e95d52 elementor-widget elementor-widget-text-editor\" data-id=\"63e95d52\" data-element_type=\"widget\" data-widget_type=\"text-editor.default\">\n\t\t\t\t<div class=\"elementor-widget-container\">\n\t\t\t\t\t\t\t<p class=\"MsoNormal\">Bug\u00fcn\u00fcn insan\u0131 Roma\u2019y\u0131 severken asl\u0131nda Roma\u2019y\u0131 de\u011fil, Roma hakk\u0131nda kurulmu\u015f modern bir sahneyi sever. \u201cBa\u015fparmak a\u015fa\u011f\u0131 = \u00f6l\u00fcm\u201d tam da b\u00f6yle bir sahnedir: tek jest, tek karar, tek dramatik an. Oysa antik kaynaklarda ge\u00e7en \u201cpollice verso\u201d gibi ifadeler, jestin tam olarak nas\u0131l yap\u0131ld\u0131\u011f\u0131 konusunda kesin bir e\u015fle\u015fme sunmaz; hangi y\u00f6n\u00fcn hangi anlama geldi\u011fi meselesi tart\u0131\u015fmal\u0131d\u0131r. Modern d\u00fcnyada bu jestin \u201cstandart\u201d h\u00e2le gelmesinde 19. y\u00fczy\u0131l sanat\u0131n\u0131n, \u00f6zellikle G\u00e9r\u00f4me\u2019un <i>Pollice Verso<\/i> tablosunun ve ard\u0131ndan sineman\u0131n etkisi s\u0131k\u00e7a vurgulan\u0131r. Yani biz Roma\u2019n\u0131n jestini Roma\u2019dan de\u011fil, Roma\u2019y\u0131 yeniden hayal eden modern g\u00f6zden \u00f6\u011freniyoruz.<\/p><p class=\"MsoNormal\">Gladyat\u00f6r d\u00f6v\u00fc\u015flerini sadece \u201c\u00f6l\u00fcm g\u00f6sterisi\u201d gibi g\u00f6rmek de benzer bir daraltma. Arenan\u0131n ekonomik ve sosyal mant\u0131\u011f\u0131 vard\u0131: iyi bir gladyat\u00f6r, emekle yeti\u015fen pahal\u0131 bir yat\u0131r\u0131md\u0131; s\u00fcrekli \u00f6l\u00fcm, s\u00fcrekli yat\u0131r\u0131m kayb\u0131d\u0131r. Ama pop\u00fcler anlat\u0131, sistemin mant\u0131\u011f\u0131n\u0131 de\u011fil, sistemin en \u015fok edici ihtimalini merkeze al\u0131r. \u00c7\u00fcnk\u00fc \u015fok edici olan ak\u0131lda kal\u0131r. B\u00f6ylece gladyat\u00f6r, tarihteki yeriyle de\u011fil, modern d\u00fcnyan\u0131n kan i\u015ftah\u0131n\u0131 doyuran bir simgeyle hat\u0131rlan\u0131r.<\/p><p class=\"MsoNormal\">Burada futbola benzerli\u011fi dikkat \u00e7ekiyor de\u011fil mi? Bu damar ger\u00e7ekten alt\u0131n de\u011ferinde, \u00e7\u00fcnk\u00fc mesele \u201ce\u011flence\u201dnin nas\u0131l bir iktidar mek\u00e2n\u0131na d\u00f6n\u00fc\u015ft\u00fc\u011f\u00fcd\u00fcr. Stadyum kalabal\u0131\u011f\u0131 da bazen kendini h\u00fck\u00fcm verir san\u0131r: hakemi \u0131sl\u0131kla bo\u011far, oyuncuyu yuhalar, \u201cbu adam gitsin\u201d diye ba\u011f\u0131r\u0131r, bir ki\u015finin kaderine kolektif bir el gibi \u00e7\u00f6ker. Roma arenas\u0131 bu psikolojinin daha \u00e7\u0131plak bir bi\u00e7imidir: seyirci, g\u00fcc\u00fc hissetmek ister; bir i\u015faretle hayat\u0131 belirledi\u011fine inanmak ister. \u201cBa\u015fparmak a\u015fa\u011f\u0131\u201d efsanesi, bu fanteziyi tek karede verir. Bu y\u00fczden jest yanl\u0131\u015f bile olsa, his do\u011fru oldu\u011fu i\u00e7in efsane ya\u015far.<\/p><p>\u00a0<\/p><p class=\"MsoNormal\">G\u00e9r\u00f4me\u2019un tablosunun <i>Gladiator<\/i> gibi modern yap\u0131mlara ilham vermesi, efsanenin nas\u0131l tekrar tekrar \u00fcretildi\u011fini g\u00f6sterir. Bir kez g\u00f6rsel haf\u0131zaya kaz\u0131nd\u0131 m\u0131, d\u00fczeltme metinleri zay\u0131f kal\u0131r. \u0130nsanlar\u0131n zihninde Roma art\u0131k \u201cba\u015fparmak a\u015fa\u011f\u0131\u201dd\u0131r; Roma\u2019y\u0131 ba\u015fka t\u00fcrl\u00fc hayal etmek, sanki oyunu bozmak gibi gelir.\u00a0<\/p>\t\t\t\t\t\t<\/div>\n\t\t\t\t<\/div>\n\t\t\t\t\t<\/div>\n\t\t<\/div>\n\t\t\t\t\t<\/div>\n\t\t<\/section>\n\t\t\t\t<section class=\"elementor-section elementor-top-section elementor-element elementor-element-2a3262ad elementor-section-boxed elementor-section-height-default elementor-section-height-default\" data-id=\"2a3262ad\" data-element_type=\"section\">\n\t\t\t\t\t\t<div class=\"elementor-container elementor-column-gap-default\">\n\t\t\t\t\t<div class=\"elementor-column elementor-col-100 elementor-top-column elementor-element elementor-element-5f352bb9\" data-id=\"5f352bb9\" data-element_type=\"column\">\n\t\t\t<div class=\"elementor-widget-wrap elementor-element-populated\">\n\t\t\t\t\t\t<div class=\"elementor-element elementor-element-461994f4 elementor-widget elementor-widget-heading\" data-id=\"461994f4\" data-element_type=\"widget\" data-widget_type=\"heading.default\">\n\t\t\t\t<div class=\"elementor-widget-container\">\n\t\t\t<h2 id=\"6-romada-insanlar-kusmak-icin-vomitoriumlaragiderdi\" class=\"elementor-heading-title elementor-size-default\"><p><b>6) \u201cRoma\u2019da insanlar kusmak i\u00e7in \u2018vomitorium\u2019lara\ngiderdi.\u201d<\/b><span style=\"font-size: 2rem;letter-spacing: -0.025em\"><\/span><\/p><\/h2>\t\t<\/div>\n\t\t\t\t<\/div>\n\t\t\t\t<div class=\"elementor-element elementor-element-13fccae8 elementor-widget elementor-widget-text-editor\" data-id=\"13fccae8\" data-element_type=\"widget\" data-widget_type=\"text-editor.default\">\n\t\t\t\t<div class=\"elementor-widget-container\">\n\t\t\t\t\t\t\t<p class=\"MsoNormal\">Bu efsane, kelimenin \u00e7a\u011fr\u0131\u015ft\u0131rd\u0131\u011f\u0131 \u015feyin, kelimenin ger\u00e7ek anlam\u0131n\u0131 yutmas\u0131d\u0131r. \u201cVomitorium\u201d Latincede kalabal\u0131\u011f\u0131n \u201cd\u0131\u015far\u0131 akmas\u0131\/spew forth\u201d fikrine dayan\u0131r; tiyatro ve amfitiyatro mimarisinde seyircinin h\u0131zla giri\u015f-\u00e7\u0131k\u0131\u015f\u0131n\u0131 sa\u011flayan ge\u00e7itleri ifade eder. Modern stadyumlarda kalabal\u0131\u011f\u0131n \u201cak\u0131t\u0131ld\u0131\u011f\u0131\u201d koridorlar nas\u0131l bir mimari zorunluluksa, Roma\u2019da da bu vard\u0131. \u201cKusma odas\u0131\u201d hik\u00e2yesi ise kelimeyi \u0130ngilizcedeki \u201cvomit\u201d ile akraba sanan modern hayal g\u00fcc\u00fcn\u00fcn, Roma\u2019y\u0131 ahlaken a\u015fa\u011f\u0131lamak i\u00e7in buldu\u011fu \u00e7ok kullan\u0131\u015fl\u0131 bir k\u0131sa yoldur.<\/p><p class=\"MsoNormal\">Bu tip \u015fehir efsaneleri genellikle \u201ce\u011flenceli\u201d olduklar\u0131 i\u00e7in ya\u015far. \u201cRoma elitleri o kadar oburdu ki kusup kusup yemeye devam ediyorlard\u0131\u201d c\u00fcmlesi, hem tiksindirir hem g\u00fcld\u00fcr\u00fcr hem de okura bir \u00fcst\u00fcnl\u00fck verir: \u201c\u0130yi ki \u015fimdi ya\u015f\u0131yoruz.\u201d Tarih burada bir bilgi de\u011fil, bir rahatlama arac\u0131d\u0131r. Dahas\u0131 bu efsane, Roma\u2019y\u0131 \u201c\u00e7\u00f6k\u00fc\u015f\u201d\u00fcn sembol\u00fc yapmaya yarar; ge\u00e7mi\u015fi bir ahlak masal\u0131na d\u00f6n\u00fc\u015ft\u00fcr\u00fcr: \u201cA\u015f\u0131r\u0131 zevk = \u00e7\u00fcr\u00fcme.\u201d Bu t\u00fcr masallar\u0131n kan\u0131t\u0131 aranmaz; \u00e7\u00fcnk\u00fc masal zaten \u201cders\u201d vermek i\u00e7in anlat\u0131l\u0131r.<\/p><p class=\"MsoNormal\">Parf\u00fcm ve tuvalet konusu da asl\u0131nda ayn\u0131 mant\u0131\u011fa yak\u0131nl\u0131k g\u00f6sterir: \u201c\u015eunu icat ettiler \u00e7\u00fcnk\u00fc \u00e7ok pistiler\u201d diye dola\u015fan c\u00fcmleler, tek tek bak\u0131nca masum birer f\u0131kra gibi durur; ama asl\u0131nda modern d\u00fcnyan\u0131n ge\u00e7mi\u015fle kurdu\u011fu ili\u015fkinin en kestirme, en kibirli ve en <b>kolay t\u00fcketilen<\/b> bi\u00e7imidir. Bu \u015fablonun \u00e7al\u0131\u015fmas\u0131 \u00e7ok basit bir mekanizmaya dayan\u0131r: ge\u00e7mi\u015fi \u201cgeri\u201d, bug\u00fcn\u00fc \u201cileri\u201d diye s\u0131n\u0131fland\u0131r\u0131r; sonra bug\u00fcn\u00fcn \u00fcst\u00fcnl\u00fc\u011f\u00fcn\u00fc, ge\u00e7mi\u015fin \u201captall\u0131\u011f\u0131\u201d \u00fczerinden kan\u0131tlar. Hijyen burada bir <b>ahlaki \u00f6l\u00e7\u00fct<\/b> gibi kullan\u0131l\u0131r. \u201cOnlar y\u0131kanm\u0131yordu, o y\u00fczden parf\u00fcm icat ettiler\u201d dedi\u011fin an, yaln\u0131z bir koku anlatm\u0131yorsun; \u201cbiz medeniyiz, onlar de\u011fil\u201d diyen bir modernlik masal\u0131 anlat\u0131yorsun. Bu masal\u0131n g\u00fczel taraf\u0131 \u015fu: kan\u0131t istemez. K\u0131sa, komik ve anlatmas\u0131 kolay oldu\u011fu i\u00e7in, sosyal medyada ve pop\u00fcler tarihte bir \u201cpayla\u015f\u0131m birimi\u201dne d\u00f6n\u00fc\u015f\u00fcr.<\/p><p class=\"MsoNormal\">Bu efsanelerin do\u011fu\u015fu \u00e7o\u011fu zaman tek bir kayna\u011fa ba\u011flanmaz; daha \u00e7ok 18. ve 19. y\u00fczy\u0131lda y\u00fckselen \u201cmedeniyet anlat\u0131s\u0131\u201dn\u0131n i\u00e7inde, \u00f6zellikle <b>saray hayat\u0131<\/b> ve \u201cl\u00fcks\u201d etraf\u0131nda b\u00fcy\u00fcyen dedikodularla \u015fekillenir. Versailles \u00f6rne\u011fi bu y\u00fczden \u00e7ok kullan\u0131l\u0131r: devasa bir saray, kalabal\u0131k bir mahkeme hayat\u0131, d\u00f6nem \u015fartlar\u0131nda zor bir at\u0131k y\u00f6netimi\u2026 Bunlar\u0131n \u00fczerine, Avrupa\u2019da belirli d\u00f6nemlerde suyla y\u0131kanmaya ili\u015fkin t\u0131bbi korkular\u0131n ve de\u011fi\u015fen beden alg\u0131lar\u0131n\u0131n da eklenmesiyle, \u201cy\u0131kanm\u0131yorlard\u0131\u201d efsanesi kolayca dramatize edilir. Fakat bu dramatizasyonun bir k\u0131sm\u0131 abart\u0131d\u0131r; Versailles\u2019in \u201ctam bir la\u011f\u0131m\u201d gibi sunulmas\u0131 da, \u201ckimse asla y\u0131kanmazd\u0131\u201d gibi mutlak iddialar da, modern anlat\u0131n\u0131n \u015foke edicili\u011fe duydu\u011fu i\u015ftahla b\u00fcy\u00fct\u00fcl\u00fcr. (Yani ger\u00e7ek \u015fu: erken modern saray ya\u015fam\u0131nda koku ve at\u0131k problemleri vard\u0131; ama pop\u00fcler anlat\u0131 bunu tek renge indirip \u2018parf\u00fcm = pislik \u00f6rt\u00fcs\u00fc\u2019 diye paketler.)<\/p><p class=\"MsoNormal\">\u015eablonun yay\u0131lma kanallar\u0131 da neredeyse ayn\u0131: \u201c\u015fok edici bilgi\u201d format\u0131nda yaz\u0131lm\u0131\u015f pop\u00fcler metinler, seyahat yaz\u0131lar\u0131, magazinle\u015fmi\u015f tarih kitap\u00e7\u0131klar\u0131, ard\u0131ndan internet \u00e7a\u011f\u0131nda zincir postlar\u2026 Bu i\u00e7erikler genellikle iki taktik kullan\u0131r. Birincisi, <b>tek neden<\/b>: \u201cParf\u00fcm\u00fc icat ettiler \u00e7\u00fcnk\u00fc y\u0131kanm\u0131yorlard\u0131.\u201d \u0130kincisi, <b>tek sahne<\/b>: \u201cHerkes pencereden laz\u0131ml\u0131k d\u00f6k\u00fcyordu, o y\u00fczden \u015femsiye icat edildi.\u201d Bu iki taktik, tarihsel karma\u015f\u0131kl\u0131\u011f\u0131 ortadan kald\u0131r\u0131r ve okura \u201canlad\u0131m\u201d hissi verir. Oysa \u015femsiye \u00f6rne\u011finde bile, \u015femsiyenin\/parasol\u00fcn binlerce y\u0131ll\u0131k bir ge\u00e7mi\u015fi oldu\u011fu; \u00f6nce g\u00fcne\u015ften korunma ve stat\u00fc sembol\u00fc gibi i\u015flevlerle ortaya \u00e7\u0131kt\u0131\u011f\u0131, ya\u011fmur \u015femsiyesinin yayg\u0131nla\u015fmas\u0131n\u0131n da bamba\u015fka bir tarihsel \u00e7izgide ilerledi\u011fi biliniyor. \u201cLaz\u0131ml\u0131k y\u00fcz\u00fcnden \u015femsiye\u201d iddias\u0131, \u015femsiyenin ger\u00e7ek tarihini de\u011fil, insanlar\u0131n Orta \u00c7a\u011f\u2019\u0131 \u201cpislik karikat\u00fcr\u00fc\u201dne \u00e7evirme arzusunu anlat\u0131r.<\/p><p class=\"MsoNormal\">\u0130\u015fte \u201cvomitorium\u201d bu \u015fablonun Roma\u2019daki en parlak \u00f6rne\u011fi, \u00e7\u00fcnk\u00fc kelimenin kendisi modern kula\u011fa zaten \u015faka gibi geliyor. Latince k\u00f6k, \u201ckalabal\u0131\u011f\u0131n d\u0131\u015far\u0131 \u2018p\u00fcsk\u00fcrmesi\u2019\/spew forth\u201d gibi bir mecazla mimari ge\u00e7itleri anlat\u0131yor; ama modern zihin \u201cvomit\u201d \u00e7a\u011fr\u0131\u015f\u0131m\u0131na tutunup bunu \u201ckusma odas\u0131\u201dna \u00e7eviriyor. Burada yanl\u0131\u015f, yaln\u0131zca bir anlam kaymas\u0131 de\u011fil; ayn\u0131 zamanda Roma\u2019y\u0131 \u201cahlaken \u00e7\u00f6km\u00fc\u015f oburlar toplulu\u011fu\u201d olarak kodlayan haz\u0131r hik\u00e2yeye m\u00fckemmel uydu\u011fu i\u00e7in yay\u0131l\u0131yor. Scientific American gibi kaynaklar\u0131n da i\u015faret etti\u011fi gibi, Romal\u0131lar\u0131n \u201cpurge room\u201d kulland\u0131\u011f\u0131 fikri ger\u00e7ek de\u011fil; \u201cvomitorium\u201dun \u00e7\u0131k\u0131\u015f\/ giri\u015f ge\u00e7itleri i\u00e7in kullan\u0131lan bir terim oldu\u011fu anlat\u0131l\u0131yor. Hatta kelimenin antik metinlerdeki kullan\u0131m\u0131 da (Macrobius gibi ge\u00e7 d\u00f6nem bir yazar \u00fczerinden) \u201ckalabal\u0131\u011f\u0131n f\u0131\u015fk\u0131rmas\u0131\u201d mecaz\u0131na dayan\u0131yor. Yani \u015fablon \u015fu: kelime komik \u2192 komik olan hik\u00e2ye se\u00e7ilir \u2192 se\u00e7ilen hik\u00e2ye Roma\u2019n\u0131n \u201c\u00e7\u00fcr\u00fcme\u201d mitine oturur \u2192 mit g\u00fc\u00e7lendik\u00e7e kimse d\u00fczeltmek istemez.<\/p><p>\u00a0<\/p><p class=\"MsoNormal\">Bu y\u00fczden bu efsaneler \u201cyanl\u0131\u015f bilgi\u201d olmaktan \u00e7\u0131k\u0131p bir t\u00fcr <b>k\u00fclt\u00fcrel konfor<\/b> sa\u011flar: ge\u00e7mi\u015fi k\u00fc\u00e7\u00fclt\u00fcr, bug\u00fcn\u00fc parlat\u0131r, k\u0131sa bir g\u00fclme an\u0131 verir ve anlatana \u201cben biliyorum\u201d hissi kazand\u0131r\u0131r. \u015eablon \u00e7al\u0131\u015ft\u0131\u011f\u0131 i\u00e7in, her \u00fclke kendi versiyonunu \u00fcretir: bir yerde Versailles, bir yerde Londra sokaklar\u0131, bir yerde Roma ziyafetleri\u2026 isimler de\u011fi\u015fir; mekanizma de\u011fi\u015fmez. Ve mekanizma de\u011fi\u015fmedi\u011fi s\u00fcrece, tek tek efsaneleri d\u00fczeltmek yetmez; efsaneleri do\u011furan \u201ckolay \u00fcst\u00fcnl\u00fck\u201d ihtiyac\u0131n\u0131 da te\u015fhis etmek gerekir.<\/p>\t\t\t\t\t\t<\/div>\n\t\t\t\t<\/div>\n\t\t\t\t\t<\/div>\n\t\t<\/div>\n\t\t\t\t\t<\/div>\n\t\t<\/section>\n\t\t\t\t<section class=\"elementor-section elementor-top-section elementor-element elementor-element-2688a4e4 elementor-section-boxed elementor-section-height-default elementor-section-height-default\" data-id=\"2688a4e4\" data-element_type=\"section\">\n\t\t\t\t\t\t<div class=\"elementor-container elementor-column-gap-default\">\n\t\t\t\t\t<div class=\"elementor-column elementor-col-100 elementor-top-column elementor-element elementor-element-18113996\" data-id=\"18113996\" data-element_type=\"column\">\n\t\t\t<div class=\"elementor-widget-wrap elementor-element-populated\">\n\t\t\t\t\t\t<div class=\"elementor-element elementor-element-38df9ada elementor-widget elementor-widget-heading\" data-id=\"38df9ada\" data-element_type=\"widget\" data-widget_type=\"heading.default\">\n\t\t\t\t<div class=\"elementor-widget-container\">\n\t\t\t<h2 id=\"7-napolyon-kisaydi-kompleksten-dunyayi-fethetti\" class=\"elementor-heading-title elementor-size-default\"><p><b>7) \u201cNapolyon k\u0131sayd\u0131; kompleksten d\u00fcnyay\u0131 fethetti.\u201d<\/b><span style=\"font-size: 2rem;letter-spacing: -0.025em\"><\/span><\/p><\/h2>\t\t<\/div>\n\t\t\t\t<\/div>\n\t\t\t\t<div class=\"elementor-element elementor-element-27a82973 elementor-widget elementor-widget-text-editor\" data-id=\"27a82973\" data-element_type=\"widget\" data-widget_type=\"text-editor.default\">\n\t\t\t\t<div class=\"elementor-widget-container\">\n\t\t\t\t\t\t\t<p class=\"MsoNormal\">Napolyon\u2019un \u201ck\u0131sa\u201d oldu\u011funa dair inat\u00e7\u0131 inan\u0131\u015f, bir \u00f6l\u00e7\u00fcm ger\u00e7e\u011finden \u00e7ok bir propaganda ba\u015far\u0131s\u0131d\u0131r. \u0130ngiliz karikat\u00fcr gelene\u011finin Napolyon\u2019u k\u00fc\u00e7\u00fclten \u00e7izimleri, \u201cLittle Boney\u201d t\u00fcr\u00fc lakaplar ve d\u00f6nemin politik mizah\u0131, rakibi fiziksel olarak k\u00fc\u00e7\u00fclterek psikolojik olarak \u201cg\u00fcl\u00fcn\u00e7 ve tehlikeli\u201d g\u00f6stermeyi sever. Burada bir de teknik karma\u015fa devreye girer: Napolyon\u2019un boyu Frans\u0131z \u00f6l\u00e7\u00fc sisteminde kayda ge\u00e7mi\u015f ifadelerin daha sonra farkl\u0131 sistemlere hatal\u0131 \u00e7evrilmesi, efsanenin tutunmas\u0131na zemin sa\u011flar.<\/p><p class=\"MsoNormal\">Washington Post gibi kaynaklar, Napolyon\u2019un asl\u0131nda d\u00f6nemine g\u00f6re ortalama civar\u0131 hatta baz\u0131 anlat\u0131lara g\u00f6re biraz \u00fcst\u00fc say\u0131labilecek bir boyda oldu\u011funu ve \u201ck\u0131sa\u201d mitinin propaganda ile beslendi\u011fini \u00f6zellikle vurgular.<\/p><p class=\"MsoNormal\">Ama as\u0131l mesele \u015fu: \u201cNapolyon kompleksten fethetti\u201d c\u00fcmlesi, devasa bir tarihsel d\u00f6n\u00fc\u015f\u00fcm\u00fc psikoloji kli\u015fesine indirger. Napolyon d\u00f6nemi; devrim sonras\u0131 Avrupa dengesi, ordular\u0131n modernle\u015fmesi, devlet kapasitesi, ideolojik dalgalar ve ekonomik zorunluluklarla \u00f6r\u00fcl\u00fcd\u00fcr. Tek bir ki\u015filik \u00f6zelli\u011fine ba\u011flad\u0131\u011f\u0131nda, tarih sistem olmaktan \u00e7\u0131kar, magazin olur. Efsane de tam burada i\u015fe yarar: sistemi konu\u015fmamak i\u00e7in kolay bir sebep sunar. \u0130nsan zihni karma\u015f\u0131k nedenler yerine tek neden sever; Napolyon miti, bu ihtiyac\u0131 kar\u015f\u0131lar.<\/p><p>\u00a0<\/p><p class=\"MsoNormal\">Bu y\u00fczden Napolyon\u2019un \u201ck\u0131sal\u0131\u011f\u0131\u201d, ger\u00e7ek bir biyografi ayr\u0131nt\u0131s\u0131 olmaktan \u00e7\u0131k\u0131p bir a\u00e7\u0131klama makinesine d\u00f6n\u00fc\u015f\u00fcr: \u201cB\u00f6yle yapt\u0131 \u00e7\u00fcnk\u00fc buydu.\u201d Tarih bu c\u00fcmlelerle kolayla\u015f\u0131r, ama ayn\u0131 anda yalanla\u015f\u0131r.<\/p>\t\t\t\t\t\t<\/div>\n\t\t\t\t<\/div>\n\t\t\t\t\t<\/div>\n\t\t<\/div>\n\t\t\t\t\t<\/div>\n\t\t<\/section>\n\t\t\t\t<section class=\"elementor-section elementor-top-section elementor-element elementor-element-1b809f08 elementor-section-boxed elementor-section-height-default elementor-section-height-default\" data-id=\"1b809f08\" data-element_type=\"section\">\n\t\t\t\t\t\t<div class=\"elementor-container elementor-column-gap-default\">\n\t\t\t\t\t<div class=\"elementor-column elementor-col-100 elementor-top-column elementor-element elementor-element-35589ed2\" data-id=\"35589ed2\" data-element_type=\"column\">\n\t\t\t<div class=\"elementor-widget-wrap elementor-element-populated\">\n\t\t\t\t\t\t<div class=\"elementor-element elementor-element-1b1511df elementor-widget elementor-widget-heading\" data-id=\"1b1511df\" data-element_type=\"widget\" data-widget_type=\"heading.default\">\n\t\t\t\t<div class=\"elementor-widget-container\">\n\t\t\t<h2 id=\"8-salem-cadilari-bilim-karsiti-fanatikler-kadinlari-yakti\" class=\"elementor-heading-title elementor-size-default\"><p><b>8) \u201cSalem cad\u0131lar\u0131: bilim kar\u015f\u0131t\u0131 fanatikler kad\u0131nlar\u0131 yakt\u0131.\u201d<\/b><span style=\"font-size: 2rem;letter-spacing: -0.025em\"><\/span><\/p><\/h2>\t\t<\/div>\n\t\t\t\t<\/div>\n\t\t\t\t<div class=\"elementor-element elementor-element-3ec03bb7 elementor-widget elementor-widget-text-editor\" data-id=\"3ec03bb7\" data-element_type=\"widget\" data-widget_type=\"text-editor.default\">\n\t\t\t\t<div class=\"elementor-widget-container\">\n\t\t\t\t\t\t\t<p class=\"MsoNormal\">Salem\u2019i \u201cbilim d\u00fc\u015fman\u0131 fanatizm\u201d diye tek c\u00fcmleye indirgedi\u011fin an, 1692\u201393\u2019te ya\u015fanan \u015feyin en korkun\u00e7 k\u0131sm\u0131n\u0131 ka\u00e7\u0131r\u0131rs\u0131n: bu, sadece inan\u00e7 de\u011fil; bir toplulu\u011fun korku alt\u0131nda nas\u0131l bir \u201ckurumsal \u015fiddet\u201d \u00fcretebildi\u011finin hik\u00e2yesidir. Salem\u2019de ya\u015fananlar, birka\u00e7 ki\u015finin ba\u011f\u0131rmas\u0131yla b\u00fcy\u00fcyen bir histeri de\u011fil; dini iklim, yerel siyaset, kom\u015fuluk ili\u015fkileri, itibar sava\u015flar\u0131 ve otorite krizinin birbiriyle kilitlendi\u011fi bir mekanizmad\u0131r. 200\u2019den fazla ki\u015finin su\u00e7land\u0131\u011f\u0131, 30 ki\u015finin su\u00e7lu bulundu\u011fu; 19 ki\u015finin as\u0131larak \u00f6ld\u00fcr\u00fcld\u00fc\u011f\u00fc ve Giles Corey\u2019nin su\u00e7lamalar\u0131 reddetti\u011fi i\u00e7in \u201cplea\u201d vermeye zorlan\u0131rken ezilerek \u00f6ld\u00fc\u011f\u00fc bilgisi, bunun bir \u201cdedikodu\u201d de\u011fil, devlet g\u00fcc\u00fcyle y\u00fcr\u00fcyen bir felaket oldu\u011funu g\u00f6sterir.<\/p><p class=\"MsoNormal\">Salem\u2019deki as\u0131l k\u0131r\u0131lma, \u201ckan\u0131t\u201d\u0131n tan\u0131m\u0131d\u0131r. Modern okur i\u00e7in en \u00fcrpertici ba\u015fl\u0131klardan biri \u201cspectral evidence\u201d meselesi: tan\u0131\u011f\u0131n, san\u0131\u011f\u0131n ruhunu\/suretini g\u00f6rd\u00fc\u011f\u00fcn\u00fc, r\u00fcyada ya da vizyonda sald\u0131r\u0131ya u\u011frad\u0131\u011f\u0131n\u0131 iddia etmesi ve bunun mahkemede ciddiye al\u0131nabilmesi. Bug\u00fcn\u00fcn d\u00fcnyas\u0131nda bu, tek c\u00fcmleyle \u201csa\u00e7mal\u0131k\u201d diye ge\u00e7ilir; ama o d\u00f6nemde g\u00f6r\u00fcnmez d\u00fcnyalar \u00fczerine kurulu bir teoloji ve korku iklimi i\u00e7inde, b\u00f6yle bir \u015fey \u201ctoplumsal olarak anla\u015f\u0131l\u0131r\u201d bulunabiliyordu. Salem\u2019i \u00f6zel yapan \u015fey de bu: mahkeme, korkunun dilini \u201ckan\u0131t\u201d diye i\u00e7eri al\u0131rsa, korku art\u0131k bireysel bir duygu olmaktan \u00e7\u0131kar, hukuk\u00ee bir silaha d\u00f6n\u00fc\u015f\u00fcr.<\/p><p class=\"MsoNormal\">\u015eimdi \u201cbu konuya s\u0131\u011f\u0131n\u0131p ne cinayetler i\u015flendi\u201d kal\u0131b\u0131 yerine tam g\u00f6m\u00fclmek gerekiyor. Cad\u0131 su\u00e7lamas\u0131, somut delilden \u00e7ok sosyal ili\u015fkilerle \u00e7al\u0131\u015ft\u0131\u011f\u0131 i\u00e7in, topluluk i\u00e7i \u00e7at\u0131\u015fmalar\u0131 \u00f6l\u00fcmc\u00fcl h\u00e2le getirir. Birine \u201ccad\u0131\u201d demek, onu sadece su\u00e7lamak de\u011fil; onu insanl\u0131k d\u0131\u015f\u0131 bir kategoriye itmek demektir. Bu kategoriye d\u00fc\u015fen ki\u015fiyle normal hukukun diliyle konu\u015fmak zorla\u015f\u0131r; \u00e7\u00fcnk\u00fc art\u0131k mesele \u201csu\u00e7\u201d de\u011fil \u201c\u015feytanla i\u015f birli\u011fi\u201d gibi mutlak bir k\u00f6t\u00fcl\u00fck anlat\u0131s\u0131d\u0131r. B\u00f6yle bir anlat\u0131da \u201cmasumiyet\u201d de \u201ckan\u0131t\u201d da kolayca erir. Salem\u2019in trajedisi, insanlar\u0131n k\u00f6t\u00fc olmas\u0131ndan \u00e7ok, k\u00f6t\u00fcl\u00fc\u011f\u00fcn hukuka ve toplumsal dile terc\u00fcme edilmesidir.<\/p><p class=\"MsoNormal\">Giles Corey \u00f6rne\u011fi bu y\u00fczden \u00e7ok \u00e7arp\u0131c\u0131d\u0131r: bir insan\u0131n \u201cplea\u201d vermeye zorlanmas\u0131, hukuk d\u00fczeninin \u201cadli s\u00fcre\u00e7\u201dten \u00e7ok \u201citaat \u00fcretme\u201d ayg\u0131t\u0131na d\u00f6n\u00fc\u015febildi\u011fini g\u00f6sterir. Corey\u2019nin ezilerek \u00f6lmesi, olay\u0131n sadece \u201cdini histeri\u201d olmad\u0131\u011f\u0131n\u0131; \u00e7\u0131plak g\u00fc\u00e7 ve zorun da i\u015fin i\u00e7inde oldu\u011funu hat\u0131rlat\u0131r. Ayn\u0131 \u015fekilde Salem, \u201ccad\u0131\u201d kelimesinin bir toplulukta nas\u0131l bir sosyal temizlik arac\u0131 h\u00e2line gelebilece\u011fini de g\u00f6sterir: ho\u015flan\u0131lmayan karakterler, d\u0131\u015far\u0131da kalanlar, itibar\u0131 zay\u0131f olanlar, ekonomik olarak k\u0131r\u0131lgan olanlar; hepsi bu kelimenin alt\u0131nda daha kolay hedef olur.<\/p><p class=\"MsoNormal\">Salem cad\u0131 davalar\u0131n\u0131 \u201cbilim \u00f6ncesi cehaletin son \u00e7\u0131rp\u0131n\u0131\u015f\u0131\u201d gibi okumak caziptir; \u00e7\u00fcnk\u00fc bu okuma, modern d\u00fcnyaya ahlaki bir rahatl\u0131k sa\u011flar. \u201cOnlar karanl\u0131kt\u0131, biz ayd\u0131nland\u0131k.\u201d Oysa 17. y\u00fczy\u0131l, tek bir y\u00f6nde ilerleyen bir akl\u0131n \u00e7a\u011f\u0131 de\u011fildir. Ayn\u0131 y\u00fczy\u0131l, bir yandan bilimsel devrimlerin, g\u00f6zleme dayal\u0131 d\u00fc\u015f\u00fcncenin ve do\u011fa yasalar\u0131n\u0131 anlama \u00e7abas\u0131n\u0131n h\u0131zland\u0131\u011f\u0131 bir d\u00f6nemken; \u00f6te yandan korkunun, g\u00fcvensizli\u011fin ve dinsel gerilimlerin de en yo\u011fun ya\u015fand\u0131\u011f\u0131 zamanlardan biridir. Yani \u201cilerleme\u201d ile \u201cpanik\u201d ayn\u0131 anda var olur.<\/p><p class=\"MsoNormal\">Avrupa merkezli anlat\u0131, genellikle Salem\u2019i \u201cAmerikan kolonilerinde ya\u015fanm\u0131\u015f talihsiz bir sapma\u201d gibi g\u00f6stererek merkezin kendisini temize \u00e7\u0131kar\u0131r. Oysa Salem\u2019i m\u00fcmk\u00fcn k\u0131lan zihinsel iklim, Avrupa\u2019dan ta\u015f\u0131nan korkular\u0131n, teolojik tart\u0131\u015fmalar\u0131n ve toplumsal gerilimlerin Yeni D\u00fcnya\u2019daki k\u0131r\u0131lgan topluluklarda daha keskin bi\u00e7imde patlamas\u0131ndan ibarettir. Ayn\u0131 y\u00fczy\u0131lda Avrupa\u2019da cad\u0131 davalar\u0131n\u0131n say\u0131s\u0131 d\u00fc\u015fmeye ba\u015flarken, kolonilerde bu korkunun gecikmeli ve yo\u011fun bir bi\u00e7imde ortaya \u00e7\u0131kmas\u0131 tesad\u00fcf de\u011fildir; merkezde yumu\u015famaya ba\u015flayan bask\u0131, \u00e7evrede sertle\u015fir.<\/p><p class=\"MsoNormal\">Bu e\u015fzamanl\u0131l\u0131\u011f\u0131 g\u00f6rd\u00fc\u011f\u00fcm\u00fczde, Salem\u2019i \u201cbilimin hen\u00fcz gelmedi\u011fi bir karanl\u0131k cep\u201d gibi okumak imk\u00e2ns\u0131zla\u015f\u0131r. \u00c7\u00fcnk\u00fc ayn\u0131 d\u00fcnyada Newton yazmakta, teleskoplar g\u00f6\u011fe \u00e7evrilmekte, do\u011fa matematikle a\u00e7\u0131klanmaya \u00e7al\u0131\u015f\u0131lmaktad\u0131r. Salem, bu ilerlemenin kar\u015f\u0131t\u0131 de\u011fil; ilerleme anlat\u0131s\u0131n\u0131n d\u0131\u015f\u0131nda kalanlar\u0131n, kendilerini korumak i\u00e7in \u00fcrettikleri bir korku rejimidir. Burada mesele \u201cbilim yoktu\u201d de\u011fil; bilim varken bile korkunun, hukuku ve toplumsal dili ele ge\u00e7irebilmesidir.<\/p><p class=\"MsoNormal\">Salem, Orta \u00c7a\u011f\u2019dan kalma bir art\u00e7\u0131 de\u011fil; modernli\u011fin karanl\u0131k yan \u00fcr\u00fcnlerinden biridir. E\u015fzamanl\u0131l\u0131k g\u00f6r\u00fcn\u00fcr h\u00e2le geldi\u011finde, cad\u0131 davalar\u0131 bir \u201cgerilik kal\u0131nt\u0131s\u0131\u201d olmaktan \u00e7\u0131kar; d\u00fczenin \u00e7atlad\u0131\u011f\u0131 yerde ortaya \u00e7\u0131kan bir kontrol mekanizmas\u0131 olarak okunur. Ve bu okuma, Salem\u2019i tarihin uza\u011f\u0131na de\u011fil, rahats\u0131z edici bi\u00e7imde yak\u0131n\u0131m\u0131za ta\u015f\u0131r.<\/p><p>\u00a0<\/p><p class=\"MsoNormal\">Bu y\u00fczden Salem\u2019i bug\u00fcne ba\u011flayan \u015fey \u201cbilim d\u00fc\u015fmanl\u0131\u011f\u0131\u201d de\u011fil, \u201cg\u00fcnah ke\u00e7isi \u00fcretme\u201d mant\u0131\u011f\u0131d\u0131r. Modern d\u00fcnyada cad\u0131 yok; ama \u201ccad\u0131 av\u0131\u201d metaforu h\u00e2l\u00e2 ya\u015f\u0131yor. \u00c7\u00fcnk\u00fc Salem\u2019in b\u0131rakt\u0131\u011f\u0131 ders, tarihsel bir ayr\u0131nt\u0131 de\u011fil; bir toplumun korkuyla y\u00f6netildi\u011finde nas\u0131l kendini yedi\u011finin anatomisidir.\u00a0<\/p>\t\t\t\t\t\t<\/div>\n\t\t\t\t<\/div>\n\t\t\t\t\t<\/div>\n\t\t<\/div>\n\t\t\t\t\t<\/div>\n\t\t<\/section>\n\t\t\t\t<section class=\"elementor-section elementor-top-section elementor-element elementor-element-48416a9d elementor-section-boxed elementor-section-height-default elementor-section-height-default\" data-id=\"48416a9d\" data-element_type=\"section\">\n\t\t\t\t\t\t<div class=\"elementor-container elementor-column-gap-default\">\n\t\t\t\t\t<div class=\"elementor-column elementor-col-100 elementor-top-column elementor-element elementor-element-75d72c29\" data-id=\"75d72c29\" data-element_type=\"column\">\n\t\t\t<div class=\"elementor-widget-wrap elementor-element-populated\">\n\t\t\t\t\t\t<div class=\"elementor-element elementor-element-4af1d641 elementor-widget elementor-widget-image\" data-id=\"4af1d641\" data-element_type=\"widget\" data-widget_type=\"image.default\">\n\t\t\t\t<div class=\"elementor-widget-container\">\n\t\t\t\t\t\t\t\t\t\t\t\t\t\t<a href=\"http:\/\/herkafadanses.com\/wp-content\/uploads\/2026\/01\/salem-cadilari.png\" data-elementor-open-lightbox=\"yes\" data-elementor-lightbox-title=\"salem cad\u0131lar\u0131\" data-e-action-hash=\"#elementor-action%3Aaction%3Dlightbox%26settings%3DeyJpZCI6IjU0MzkiLCJ1cmwiOiJodHRwczpcL1wvaGVya2FmYWRhbnNlcy5jb21cL3dwLWNvbnRlbnRcL3VwbG9hZHNcLzIwMjZcLzAxXC9zYWxlbS1jYWRpbGFyaS5wbmcifQ%3D%3D\">\n\t\t\t\t\t\t\t<img decoding=\"async\" width=\"467\" height=\"700\" src=\"https:\/\/herkafadanses.com\/wp-content\/uploads\/2026\/01\/salem-cadilari-467x700.png\" class=\"attachment-large size-large wp-image-5439\" alt=\"\" srcset=\"https:\/\/herkafadanses.com\/wp-content\/uploads\/2026\/01\/salem-cadilari-467x700.png 467w, https:\/\/herkafadanses.com\/wp-content\/uploads\/2026\/01\/salem-cadilari-200x300.png 200w, https:\/\/herkafadanses.com\/wp-content\/uploads\/2026\/01\/salem-cadilari-768x1152.png 768w, https:\/\/herkafadanses.com\/wp-content\/uploads\/2026\/01\/salem-cadilari-8x12.png 8w, https:\/\/herkafadanses.com\/wp-content\/uploads\/2026\/01\/salem-cadilari-800x1200.png 800w, https:\/\/herkafadanses.com\/wp-content\/uploads\/2026\/01\/salem-cadilari.png 1024w\" sizes=\"(max-width: 467px) 100vw, 467px\" \/>\t\t\t\t\t\t\t\t<\/a>\n\t\t\t\t\t\t\t\t\t\t\t\t\t<\/div>\n\t\t\t\t<\/div>\n\t\t\t\t\t<\/div>\n\t\t<\/div>\n\t\t\t\t\t<\/div>\n\t\t<\/section>\n\t\t\t\t<section class=\"elementor-section elementor-top-section elementor-element elementor-element-625d10b9 elementor-section-boxed elementor-section-height-default elementor-section-height-default\" data-id=\"625d10b9\" data-element_type=\"section\">\n\t\t\t\t\t\t<div class=\"elementor-container elementor-column-gap-default\">\n\t\t\t\t\t<div class=\"elementor-column elementor-col-100 elementor-top-column elementor-element elementor-element-200df180\" data-id=\"200df180\" data-element_type=\"column\">\n\t\t\t<div class=\"elementor-widget-wrap elementor-element-populated\">\n\t\t\t\t\t\t<div class=\"elementor-element elementor-element-4e3b4857 elementor-widget elementor-widget-heading\" data-id=\"4e3b4857\" data-element_type=\"widget\" data-widget_type=\"heading.default\">\n\t\t\t\t<div class=\"elementor-widget-container\">\n\t\t\t<h2 id=\"9-newtonun-kafasina-elma-dustu-ve-yercekimini-buldu\" class=\"elementor-heading-title elementor-size-default\"><p><b>9) \u201cNewton\u2019un kafas\u0131na elma d\u00fc\u015ft\u00fc ve yer\u00e7ekimini buldu.\u201d<\/b><span style=\"font-size: 2rem;letter-spacing: -0.025em\"><\/span><\/p><\/h2>\t\t<\/div>\n\t\t\t\t<\/div>\n\t\t\t\t<div class=\"elementor-element elementor-element-706a4e09 elementor-widget elementor-widget-text-editor\" data-id=\"706a4e09\" data-element_type=\"widget\" data-widget_type=\"text-editor.default\">\n\t\t\t\t<div class=\"elementor-widget-container\">\n\t\t\t\t\t\t\t<p class=\"MsoNormal\">Newton\u2019un elma hik\u00e2yesi, bilim tarihinin en me\u015fhur \u201canl\u0131k ayd\u0131nlanma\u201d masal\u0131. Masal\u0131n pop\u00fcler formu daha da ileri gider ve elmay\u0131 Newton\u2019un kafas\u0131na d\u00fc\u015f\u00fcr\u00fcr: tek darbe, tek fikir, tek devrim. Oysa eldeki anlat\u0131lar, elman\u0131n kafaya d\u00fc\u015ft\u00fc\u011f\u00fcne dair bir kan\u0131t olmad\u0131\u011f\u0131n\u0131; hik\u00e2yenin daha \u00e7ok Newton\u2019un elman\u0131n d\u00fc\u015f\u00fc\u015f\u00fcn\u00fc g\u00f6rmesi\/hat\u0131rlamas\u0131 \u00fczerinden fikir y\u00fcr\u00fctmesini simgeleyen bir anekdot h\u00e2linde aktar\u0131ld\u0131\u011f\u0131n\u0131 s\u00f6yler. History.com\u2019un \u00f6zetledi\u011fi gibi, elman\u0131n \u201ckafaya d\u00fc\u015fmesi\u201d k\u0131sm\u0131 desteklenmez; ama elma g\u00f6zleminin Newton\u2019u \u201cneden a\u015fa\u011f\u0131 d\u00fc\u015f\u00fcyor?\u201d gibi sorulara y\u00f6neltti\u011fi anlat\u0131s\u0131, bir t\u00fcr sembolik k\u00f6pr\u00fc olarak ya\u015far.<\/p><p class=\"MsoNormal\">Buradaki as\u0131l sorun, ke\u015ffin nas\u0131l \u00e7al\u0131\u015ft\u0131\u011f\u0131yla ilgili. Bilim, genellikle \u201cbir anda buldum\u201d de\u011fil; uzun s\u00fcre d\u00fc\u015f\u00fcnme, hesap, tart\u0131\u015fma, \u00f6nceki birikimi devralma, hata yapma ve d\u00fczeltme s\u00fcre\u00e7leriyle ilerler. Elma masal\u0131 bu zahmeti budar ve yerine \u201cdeha mucizesi\u201d koyar. Deha mucizesi, izleyicinin ho\u015funa gider; \u00e7\u00fcnk\u00fc emek anlat\u0131s\u0131 sab\u0131r ister, mucize anlat\u0131s\u0131 ise tek saniyede tatmin verir.<\/p><p class=\"MsoNormal\">Bu masal\u0131n yay\u0131lmas\u0131n\u0131n bir ba\u015fka nedeni de bilimi romantikle\u015ftirme arzusudur. Bilimi \u201cinsan i\u015fi\u201d gibi de\u011fil, \u201cb\u00fcy\u00fcl\u00fc ayd\u0131nlanma\u201d gibi g\u00f6stermeyi severiz. Oysa bilimin insan\u00ee taraf\u0131 daha ilgin\u00e7tir: fikirlerin rekabeti, akademik gerilimler, d\u00f6nemin imk\u00e2nlar\u0131, s\u0131n\u0131rl\u0131l\u0131klar\u0131, hatta yanl\u0131\u015flar\u0131n nas\u0131l \u00fcretken olabildi\u011fi\u2026 Elma masal\u0131 bu dramatik insan\u00ee alan\u0131 da budad\u0131\u011f\u0131 i\u00e7in, bilimi hem kutsar hem de uzakla\u015ft\u0131r\u0131r. \u0130nsan \u201cben yapamam\u201d diye d\u00fc\u015f\u00fcn\u00fcr; \u00e7\u00fcnk\u00fc ona bilim, mucize gibi anlat\u0131lm\u0131\u015ft\u0131r.<\/p><p>\u00a0<\/p><p class=\"MsoNormal\">Elma hik\u00e2yesinde \u201cyanl\u0131\u015f bilgi\u201d komik bir detay de\u011fil; bilginin nas\u0131l \u00fcretildi\u011fine dair toplumsal bir yanl\u0131\u015f inan\u00e7t\u0131r. Bilimi, \u201canl\u0131k zeka g\u00f6sterisi\u201d diye kodlad\u0131\u011f\u0131nda, emek ve y\u00f6ntem k\u00fclt\u00fcr\u00fcn\u00fc de zay\u0131flat\u0131rs\u0131n. Bu y\u00fczden elma masal\u0131n\u0131 d\u00fczeltmek, sadece Newton\u2019u d\u00fczeltmek de\u011fildir; bilimi do\u011fru yere koymakt\u0131r.\u00a0<\/p>\t\t\t\t\t\t<\/div>\n\t\t\t\t<\/div>\n\t\t\t\t\t<\/div>\n\t\t<\/div>\n\t\t\t\t\t<\/div>\n\t\t<\/section>\n\t\t\t\t<section class=\"elementor-section elementor-top-section elementor-element elementor-element-44d26195 elementor-section-boxed elementor-section-height-default elementor-section-height-default\" data-id=\"44d26195\" data-element_type=\"section\">\n\t\t\t\t\t\t<div class=\"elementor-container elementor-column-gap-default\">\n\t\t\t\t\t<div class=\"elementor-column elementor-col-100 elementor-top-column elementor-element elementor-element-f6eecb\" data-id=\"f6eecb\" data-element_type=\"column\">\n\t\t\t<div class=\"elementor-widget-wrap elementor-element-populated\">\n\t\t\t\t\t\t<div class=\"elementor-element elementor-element-6eec14e2 elementor-widget elementor-widget-image\" data-id=\"6eec14e2\" data-element_type=\"widget\" data-widget_type=\"image.default\">\n\t\t\t\t<div class=\"elementor-widget-container\">\n\t\t\t\t\t\t\t\t\t\t\t\t\t\t<a href=\"http:\/\/herkafadanses.com\/wp-content\/uploads\/2026\/01\/yercekimi.png\" data-elementor-open-lightbox=\"yes\" data-elementor-lightbox-title=\"yer\u00e7ekimi\" data-e-action-hash=\"#elementor-action%3Aaction%3Dlightbox%26settings%3DeyJpZCI6IjU0NDAiLCJ1cmwiOiJodHRwczpcL1wvaGVya2FmYWRhbnNlcy5jb21cL3dwLWNvbnRlbnRcL3VwbG9hZHNcLzIwMjZcLzAxXC95ZXJjZWtpbWkucG5nIn0%3D\">\n\t\t\t\t\t\t\t<img loading=\"lazy\" decoding=\"async\" width=\"467\" height=\"700\" src=\"https:\/\/herkafadanses.com\/wp-content\/uploads\/2026\/01\/yercekimi-467x700.png\" class=\"attachment-large size-large wp-image-5440\" alt=\"\" srcset=\"https:\/\/herkafadanses.com\/wp-content\/uploads\/2026\/01\/yercekimi-467x700.png 467w, https:\/\/herkafadanses.com\/wp-content\/uploads\/2026\/01\/yercekimi-200x300.png 200w, https:\/\/herkafadanses.com\/wp-content\/uploads\/2026\/01\/yercekimi-768x1152.png 768w, https:\/\/herkafadanses.com\/wp-content\/uploads\/2026\/01\/yercekimi-8x12.png 8w, https:\/\/herkafadanses.com\/wp-content\/uploads\/2026\/01\/yercekimi-800x1200.png 800w, https:\/\/herkafadanses.com\/wp-content\/uploads\/2026\/01\/yercekimi.png 1024w\" sizes=\"(max-width: 467px) 100vw, 467px\" \/>\t\t\t\t\t\t\t\t<\/a>\n\t\t\t\t\t\t\t\t\t\t\t\t\t<\/div>\n\t\t\t\t<\/div>\n\t\t\t\t\t<\/div>\n\t\t<\/div>\n\t\t\t\t\t<\/div>\n\t\t<\/section>\n\t\t\t\t<section class=\"elementor-section elementor-top-section elementor-element elementor-element-50d1ed32 elementor-section-boxed elementor-section-height-default elementor-section-height-default\" data-id=\"50d1ed32\" data-element_type=\"section\">\n\t\t\t\t\t\t<div class=\"elementor-container elementor-column-gap-default\">\n\t\t\t\t\t<div class=\"elementor-column elementor-col-100 elementor-top-column elementor-element elementor-element-1d7a4e7e\" data-id=\"1d7a4e7e\" data-element_type=\"column\">\n\t\t\t<div class=\"elementor-widget-wrap elementor-element-populated\">\n\t\t\t\t\t\t<div class=\"elementor-element elementor-element-6eb190ff elementor-widget elementor-widget-heading\" data-id=\"6eb190ff\" data-element_type=\"widget\" data-widget_type=\"heading.default\">\n\t\t\t\t<div class=\"elementor-widget-container\">\n\t\t\t<h2 id=\"10-tarihi-diziler-filmler-yanlislar-neden-yapilir\" class=\"elementor-heading-title elementor-size-default\"><p><b>10) Tarihi diziler\/filmler: yanl\u0131\u015flar neden yap\u0131l\u0131r?<\/b><span style=\"font-size: 2rem;letter-spacing: -0.025em\"><\/span><\/p><\/h2>\t\t<\/div>\n\t\t\t\t<\/div>\n\t\t\t\t<div class=\"elementor-element elementor-element-7916dfe8 elementor-widget elementor-widget-text-editor\" data-id=\"7916dfe8\" data-element_type=\"widget\" data-widget_type=\"text-editor.default\">\n\t\t\t\t<div class=\"elementor-widget-container\">\n\t\t\t\t\t\t\t<p class=\"MsoNormal\">Tarihi yap\u0131mlar\u0131n yanl\u0131\u015f \u00fcretmesinin ilk nedeni \u00e7o\u011fu zaman bilin\u00e7sizdir: olaylar\u0131 s\u0131k\u0131\u015ft\u0131rmak zorundad\u0131rlar, karakter say\u0131s\u0131n\u0131 azaltmak zorundad\u0131rlar, y\u0131llar\u0131 birle\u015ftirirler, farkl\u0131 tarihsel rolleri tek ki\u015fiye y\u00fcklerler. Bu, izleyicinin takip edebilmesi i\u00e7in yap\u0131lan bir \u201csenaryo ekonomisi\u201ddir. Tarih, burada dramatik ak\u0131\u015fa uymak i\u00e7in budan\u0131r; budand\u0131k\u00e7a da \u201ctarih\u201d de\u011fil \u201chik\u00e2ye\u201d kal\u0131r.<\/p><p class=\"MsoNormal\">\u0130kinci neden bilin\u00e7lidir: ge\u00e7mi\u015fi bug\u00fcne terc\u00fcme etmek. Yap\u0131m, bazen tarihsel do\u011fruluk yerine \u201cduygusal\/tematik do\u011fruluk\u201d iddias\u0131yla hareket eder; bir \u00e7a\u011f\u0131n ruhunu anlatmak i\u00e7in anakronizmi se\u00e7er, bir karakteri g\u00fcncel bir tart\u0131\u015fman\u0131n sembol\u00fcne \u00e7evirir, \u201cmesaj\u201d\u0131 g\u00fc\u00e7lendirmek i\u00e7in ger\u00e7ekli\u011fi e\u011fer. Burada sorun \u015fudur: izleyici bunun \u201cyorum\u201d oldu\u011funu unutup \u201ctarih b\u00f6yleymi\u015f\u201d diye kaydeder. Yanl\u0131\u015f, b\u00f6yle b\u00f6yle kitlesel haf\u0131zan\u0131n i\u00e7ine yerle\u015fir.<\/p><p>\u00a0<\/p><p class=\"MsoNormal\">Bat\u0131 merkezli anlat\u0131lar, Orta \u00c7a\u011f\u2019\u0131 \u201ckaranl\u0131k\u201d diye paketlerken ayn\u0131 y\u00fczy\u0131llarda ba\u015fka co\u011frafyalardaki bilgi \u00fcretimini \u00e7o\u011fu zaman dekor seviyesinde b\u0131rak\u0131r. Bunu g\u00f6z\u00fcm\u00fcze sokmadan ama hissettirecek bi\u00e7imde dengelemek, serinin en g\u00fc\u00e7l\u00fc farklar\u0131ndan biri olur: tarih, tek bir k\u0131tan\u0131n hik\u00e2yesi de\u011fildir; e\u015fzamanl\u0131d\u0131r. E\u015fzamanl\u0131l\u0131k g\u00f6r\u00fcn\u00fcr olunca, \u201ckahraman masal\u0131\u201d kendili\u011finden \u00e7atlar.<\/p>\t\t\t\t\t\t<\/div>\n\t\t\t\t<\/div>\n\t\t\t\t\t<\/div>\n\t\t<\/div>\n\t\t\t\t\t<\/div>\n\t\t<\/section>\n\t\t\t\t<section class=\"elementor-section elementor-top-section elementor-element elementor-element-29f540b6 elementor-section-boxed elementor-section-height-default elementor-section-height-default\" data-id=\"29f540b6\" data-element_type=\"section\">\n\t\t\t\t\t\t<div class=\"elementor-container elementor-column-gap-default\">\n\t\t\t\t\t<div class=\"elementor-column elementor-col-100 elementor-top-column elementor-element elementor-element-4e2b301f\" data-id=\"4e2b301f\" data-element_type=\"column\">\n\t\t\t<div class=\"elementor-widget-wrap elementor-element-populated\">\n\t\t\t\t\t\t<div class=\"elementor-element elementor-element-168c824c elementor-widget elementor-widget-heading\" data-id=\"168c824c\" data-element_type=\"widget\" data-widget_type=\"heading.default\">\n\t\t\t\t<div class=\"elementor-widget-container\">\n\t\t\t<h2 id=\"yanlis-bilgiler-neden-olmez\" class=\"elementor-heading-title elementor-size-default\"><p><b>Yanl\u0131\u015f bilgiler neden \u00f6lmez?<\/b><span style=\"font-size: 2rem;letter-spacing: -0.025em\"><\/span><\/p><\/h2>\t\t<\/div>\n\t\t\t\t<\/div>\n\t\t\t\t<div class=\"elementor-element elementor-element-7402e41b elementor-widget elementor-widget-text-editor\" data-id=\"7402e41b\" data-element_type=\"widget\" data-widget_type=\"text-editor.default\">\n\t\t\t\t<div class=\"elementor-widget-container\">\n\t\t\t\t\t\t\t<p class=\"MsoNormal\">\u00c7\u00fcnk\u00fc yanl\u0131\u015f bilgi \u00e7o\u011fu zaman \u201cbilgi\u201d olarak de\u011fil, <b>i\u015flev<\/b> olarak ya\u015far. \u201cEkmek yoksa brioche\u201d c\u00fcmlesi, tek ba\u015f\u0131na bir krizi a\u00e7\u0131klamaz ama s\u0131n\u0131f \u00f6fkesini tek foto\u011frafa \u00e7evirir. \u201cD\u00fcz d\u00fcnya Orta \u00c7a\u011f\u2019\u0131n ortak inanc\u0131yd\u0131\u201d masal\u0131, modernli\u011fi parlat\u0131r. \u201c300 Spartal\u0131\u201d miti, yenilgiyi onura \u00e7eviren evrensel bir hik\u00e2ye verir. \u201cCad\u0131lar\u201d anlat\u0131s\u0131, topluluk korkusunu tek hedefe y\u00f6neltip rahatlat\u0131r. Yanl\u0131\u015flar, insanlar\u0131n ihtiya\u00e7 duydu\u011fu duyguyu sa\u011flad\u0131\u011f\u0131 i\u00e7in \u00f6lmez.<\/p><p class=\"MsoNormal\">Yanl\u0131\u015flar\u0131n ikinci g\u00fcc\u00fc, <b>duygu \u00fcretmeleridir<\/b>. \u00d6fke, hayranl\u0131k, tiksinti, gurur\u2026 Duygu \u00fcreten \u015fey daha iyi hat\u0131rlan\u0131r. O y\u00fczden vergi sistemi unutulur, ama bir krali\u00e7eye yap\u0131\u015ft\u0131r\u0131lan tek c\u00fcmle kal\u0131r. O y\u00fczden Thermopylai\u2019nin strateji ayr\u0131nt\u0131lar\u0131 kaybolur, ama \u201c300\u201d kal\u0131r. \u0130nsan zihni, \u201ckarma\u015f\u0131kl\u0131\u011f\u0131\u201d de\u011fil \u201c\u015foku\u201d saklar.<\/p><p class=\"MsoNormal\">\u00dc\u00e7\u00fcnc\u00fc ve en sert neden, bu yanl\u0131\u015flar\u0131n <b>g\u00f6rsel haf\u0131zaya<\/b> yaz\u0131lmas\u0131d\u0131r. Boynuzlu kask bir g\u00f6r\u00fcnt\u00fcd\u00fcr; bir kez \u00e7izildi mi, bir kez dizide g\u00f6r\u00fcnd\u00fc m\u00fc, art\u0131k bilgi onun arkas\u0131ndan ko\u015far. G\u00e9r\u00f4me\u2019un <i>Pollice Verso<\/i> tablosu gibi eserler, modern sineman\u0131n g\u00f6rsel dilini de besledi\u011fi i\u00e7in, \u201cba\u015fparmak a\u015fa\u011f\u0131\u201d art\u0131k Roma\u2019n\u0131n jestiymi\u015f gibi kay\u0131t olur. G\u00f6r\u00fcnt\u00fc d\u00fczeltmeye diren\u00e7lidir; \u00e7\u00fcnk\u00fc g\u00f6r\u00fcnt\u00fc \u00f6\u011frenilmez, kaydedilir.<\/p><p>\u00a0<\/p><p class=\"MsoNormal\">D\u00f6rd\u00fcnc\u00fc neden, modern d\u00fcnyada \u201cpayla\u015f\u0131labilirlik\u201d bask\u0131s\u0131d\u0131r. Sosyal medya, k\u0131sa video ve h\u0131zl\u0131 t\u00fcketim k\u00fclt\u00fcr\u00fc ba\u011flam sevmez. Ba\u011flam yava\u015flat\u0131r; yava\u015flatan i\u00e7erik daha az dola\u015f\u0131r. Bu y\u00fczden yanl\u0131\u015f, sadece kalmaz; h\u0131zlan\u0131r. Tarih, giderek \u201canla\u015f\u0131lacak\u201d bir alan olmaktan \u00e7\u0131k\u0131p \u201cpayla\u015f\u0131lacak\u201d bir malzemeye d\u00f6n\u00fc\u015f\u00fcr. Ve payla\u015f\u0131m ekonomisi, en \u00e7ok \u201ctek c\u00fcmlelik tarih\u201d \u00fcretir.<\/p>\t\t\t\t\t\t<\/div>\n\t\t\t\t<\/div>\n\t\t\t\t\t<\/div>\n\t\t<\/div>\n\t\t\t\t\t<\/div>\n\t\t<\/section>\n\t\t\t\t<section class=\"elementor-section elementor-top-section elementor-element elementor-element-7acbea8 elementor-section-boxed elementor-section-height-default elementor-section-height-default\" data-id=\"7acbea8\" data-element_type=\"section\">\n\t\t\t\t\t\t<div class=\"elementor-container elementor-column-gap-default\">\n\t\t\t\t\t<div class=\"elementor-column elementor-col-100 elementor-top-column elementor-element elementor-element-46968838\" data-id=\"46968838\" data-element_type=\"column\">\n\t\t\t<div class=\"elementor-widget-wrap elementor-element-populated\">\n\t\t\t\t\t\t<div class=\"elementor-element elementor-element-1c7d1932 elementor-widget elementor-widget-image\" data-id=\"1c7d1932\" data-element_type=\"widget\" data-widget_type=\"image.default\">\n\t\t\t\t<div class=\"elementor-widget-container\">\n\t\t\t\t\t\t\t\t\t\t\t\t\t\t<a href=\"http:\/\/herkafadanses.com\/wp-content\/uploads\/2026\/01\/Son-gorsel.png\" data-elementor-open-lightbox=\"yes\" data-elementor-lightbox-title=\"Son g\u00f6rsel\" data-e-action-hash=\"#elementor-action%3Aaction%3Dlightbox%26settings%3DeyJpZCI6IjU0NDEiLCJ1cmwiOiJodHRwczpcL1wvaGVya2FmYWRhbnNlcy5jb21cL3dwLWNvbnRlbnRcL3VwbG9hZHNcLzIwMjZcLzAxXC9Tb24tZ29yc2VsLnBuZyJ9\">\n\t\t\t\t\t\t\t<img loading=\"lazy\" decoding=\"async\" width=\"467\" height=\"700\" src=\"https:\/\/herkafadanses.com\/wp-content\/uploads\/2026\/01\/Son-gorsel-467x700.png\" class=\"attachment-large size-large wp-image-5441\" alt=\"\" srcset=\"https:\/\/herkafadanses.com\/wp-content\/uploads\/2026\/01\/Son-gorsel-467x700.png 467w, https:\/\/herkafadanses.com\/wp-content\/uploads\/2026\/01\/Son-gorsel-200x300.png 200w, https:\/\/herkafadanses.com\/wp-content\/uploads\/2026\/01\/Son-gorsel-768x1152.png 768w, https:\/\/herkafadanses.com\/wp-content\/uploads\/2026\/01\/Son-gorsel-8x12.png 8w, https:\/\/herkafadanses.com\/wp-content\/uploads\/2026\/01\/Son-gorsel-800x1200.png 800w, https:\/\/herkafadanses.com\/wp-content\/uploads\/2026\/01\/Son-gorsel.png 1024w\" sizes=\"(max-width: 467px) 100vw, 467px\" \/>\t\t\t\t\t\t\t\t<\/a>\n\t\t\t\t\t\t\t\t\t\t\t\t\t<\/div>\n\t\t\t\t<\/div>\n\t\t\t\t\t<\/div>\n\t\t<\/div>\n\t\t\t\t\t<\/div>\n\t\t<\/section>\n\t\t\t\t<section class=\"elementor-section elementor-top-section elementor-element elementor-element-36eaeb77 elementor-section-boxed elementor-section-height-default elementor-section-height-default\" data-id=\"36eaeb77\" data-element_type=\"section\">\n\t\t\t\t\t\t<div class=\"elementor-container elementor-column-gap-default\">\n\t\t\t\t\t<div class=\"elementor-column elementor-col-100 elementor-top-column elementor-element elementor-element-2a2646a3\" data-id=\"2a2646a3\" data-element_type=\"column\">\n\t\t\t<div class=\"elementor-widget-wrap elementor-element-populated\">\n\t\t\t\t\t\t<div class=\"elementor-element elementor-element-2ac97573 elementor-widget elementor-widget-accordion\" data-id=\"2ac97573\" data-element_type=\"widget\" data-widget_type=\"accordion.default\">\n\t\t\t\t<div class=\"elementor-widget-container\">\n\t\t\t<style>\/*! elementor - v3.21.0 - 25-04-2024 *\/\n.elementor-accordion{text-align:start}.elementor-accordion .elementor-accordion-item{border:1px solid #d5d8dc}.elementor-accordion .elementor-accordion-item+.elementor-accordion-item{border-top:none}.elementor-accordion .elementor-tab-title{margin:0;padding:15px 20px;font-weight:700;line-height:1;cursor:pointer;outline:none}.elementor-accordion .elementor-tab-title .elementor-accordion-icon{display:inline-block;width:1.5em}.elementor-accordion .elementor-tab-title .elementor-accordion-icon svg{width:1em;height:1em}.elementor-accordion .elementor-tab-title .elementor-accordion-icon.elementor-accordion-icon-right{float:right;text-align:right}.elementor-accordion .elementor-tab-title .elementor-accordion-icon.elementor-accordion-icon-left{float:left;text-align:left}.elementor-accordion .elementor-tab-title .elementor-accordion-icon .elementor-accordion-icon-closed{display:block}.elementor-accordion .elementor-tab-title .elementor-accordion-icon .elementor-accordion-icon-opened,.elementor-accordion .elementor-tab-title.elementor-active .elementor-accordion-icon-closed{display:none}.elementor-accordion .elementor-tab-title.elementor-active .elementor-accordion-icon-opened{display:block}.elementor-accordion .elementor-tab-content{display:none;padding:15px 20px;border-top:1px solid #d5d8dc}@media (max-width:767px){.elementor-accordion .elementor-tab-title{padding:12px 15px}.elementor-accordion .elementor-tab-title .elementor-accordion-icon{width:1.2em}.elementor-accordion .elementor-tab-content{padding:7px 15px}}.e-con-inner>.elementor-widget-accordion,.e-con>.elementor-widget-accordion{width:var(--container-widget-width);--flex-grow:var(--container-widget-flex-grow)}<\/style>\t\t<div class=\"elementor-accordion\">\n\t\t\t\t\t\t\t<div class=\"elementor-accordion-item\">\n\t\t\t\t\t<div id=\"elementor-tab-title-7171\" class=\"elementor-tab-title\" data-tab=\"1\" role=\"button\" aria-controls=\"elementor-tab-content-7171\" aria-expanded=\"false\">\n\t\t\t\t\t\t\t\t\t\t\t\t\t<span class=\"elementor-accordion-icon elementor-accordion-icon-left\" aria-hidden=\"true\">\n\t\t\t\t\t\t\t\t\t\t\t\t\t\t\t<span class=\"elementor-accordion-icon-closed\"><svg class=\"e-font-icon-svg e-fas-plus\" viewbox=\"0 0 448 512\" xmlns=\"http:\/\/www.w3.org\/2000\/svg\"><path d=\"M416 208H272V64c0-17.67-14.33-32-32-32h-32c-17.67 0-32 14.33-32 32v144H32c-17.67 0-32 14.33-32 32v32c0 17.67 14.33 32 32 32h144v144c0 17.67 14.33 32 32 32h32c17.67 0 32-14.33 32-32V304h144c17.67 0 32-14.33 32-32v-32c0-17.67-14.33-32-32-32z\"><\/path><\/svg><\/span>\n\t\t\t\t\t\t\t\t<span class=\"elementor-accordion-icon-opened\"><svg class=\"e-font-icon-svg e-fas-minus\" viewbox=\"0 0 448 512\" xmlns=\"http:\/\/www.w3.org\/2000\/svg\"><path d=\"M416 208H32c-17.67 0-32 14.33-32 32v32c0 17.67 14.33 32 32 32h384c17.67 0 32-14.33 32-32v-32c0-17.67-14.33-32-32-32z\"><\/path><\/svg><\/span>\n\t\t\t\t\t\t\t\t\t\t\t\t\t\t<\/span>\n\t\t\t\t\t\t\t\t\t\t\t\t<a class=\"elementor-accordion-title\" tabindex=\"0\">Kaynaklar<\/a>\n\t\t\t\t\t<\/div>\n\t\t\t\t\t<div id=\"elementor-tab-content-7171\" class=\"elementor-tab-content elementor-clearfix\" data-tab=\"1\" role=\"region\" aria-labelledby=\"elementor-tab-title-7171\"><p>Umberto Eco, <em data-start=\"1002\" data-end=\"1049\">Orta\u00e7a\u011f: Barbarlar, Hristiyanlar, M\u00fcsl\u00fcmanlar,\u00a0<\/em><span style=\"font-family: inherit;font-size: inherit;font-weight: inherit;letter-spacing: inherit\">Jacques Le Goff, <\/span><em style=\"font-family: inherit;font-size: inherit;font-weight: inherit;letter-spacing: inherit\" data-start=\"1071\" data-end=\"1090\">Orta\u00e7a\u011f\u2019\u0131n Do\u011fu\u015fu,\u00a0Marc Bloch \u2013 Tarih Savunusu ya da Tarih\u00e7ilik Mesle\u011fi,\u00a0Fuat Sezgin \u2013 \u0130slam\u2019da Bilim ve Teknik,\u00a0\u0130hsan Fazl\u0131o\u011flu \u2013 Kendini Aramak,\u00a0Svat Soucek \u2013 Piri Reis ve Haritac\u0131l\u0131\u011f\u0131,\u00a0Halil \u0130nalc\u0131k \u2013 R\u00f6nesans Avrupas\u0131: T\u00fcrkiye\u2019nin Bat\u0131 Medeniyetiyle \u00d6zde\u015fle\u015fme S\u00fcreci,\u00a0Michel Foucault \u2013 Delili\u011fin Tarihi,\u00a0<\/em><span style=\"font-family: inherit;font-size: inherit;font-weight: inherit;letter-spacing: inherit\">Kad\u0131o\u011flu, Ay\u015fe \u2013 <\/span><em style=\"font-family: inherit;font-size: inherit;font-weight: inherit;letter-spacing: inherit\" data-start=\"535\" data-end=\"587\">Erken Modern Avrupa\u2019da Cad\u0131 Kavram\u0131 ve Cad\u0131 Avlar\u0131<\/em><\/p><\/div>\n\t\t\t\t<\/div>\n\t\t\t\t\t\t\t\t<\/div>\n\t\t\t\t<\/div>\n\t\t\t\t<\/div>\n\t\t\t\t\t<\/div>\n\t\t<\/div>\n\t\t\t\t\t<\/div>\n\t\t<\/section>\n\t\t\t\t<\/div>","protected":false},"excerpt":{"rendered":"Tarihin en kal\u0131c\u0131 yalanlar\u0131, en kolay anlat\u0131lanlard\u0131r. Tarih \u00e7o\u011fu zaman \u201colan biten\u201d&hellip;","protected":false},"author":17,"featured_media":5450,"comment_status":"open","ping_status":"open","sticky":false,"template":"","format":"standard","meta":{"_monsterinsights_skip_tracking":false,"_monsterinsights_sitenote_active":false,"_monsterinsights_sitenote_note":"","_monsterinsights_sitenote_category":0,"_uf_show_specific_survey":0,"_uf_disable_surveys":false,"footnotes":""},"categories":[6,1,125],"tags":[983,976,984,985,973,979,372,981],"aioseo_notices":[],"_links":{"self":[{"href":"https:\/\/herkafadanses.com\/en_us\/wp-json\/wp\/v2\/posts\/5435"}],"collection":[{"href":"https:\/\/herkafadanses.com\/en_us\/wp-json\/wp\/v2\/posts"}],"about":[{"href":"https:\/\/herkafadanses.com\/en_us\/wp-json\/wp\/v2\/types\/post"}],"author":[{"embeddable":true,"href":"https:\/\/herkafadanses.com\/en_us\/wp-json\/wp\/v2\/users\/17"}],"replies":[{"embeddable":true,"href":"https:\/\/herkafadanses.com\/en_us\/wp-json\/wp\/v2\/comments?post=5435"}],"version-history":[{"count":4,"href":"https:\/\/herkafadanses.com\/en_us\/wp-json\/wp\/v2\/posts\/5435\/revisions"}],"predecessor-version":[{"id":5444,"href":"https:\/\/herkafadanses.com\/en_us\/wp-json\/wp\/v2\/posts\/5435\/revisions\/5444"}],"wp:featuredmedia":[{"embeddable":true,"href":"https:\/\/herkafadanses.com\/en_us\/wp-json\/wp\/v2\/media\/5450"}],"wp:attachment":[{"href":"https:\/\/herkafadanses.com\/en_us\/wp-json\/wp\/v2\/media?parent=5435"}],"wp:term":[{"taxonomy":"category","embeddable":true,"href":"https:\/\/herkafadanses.com\/en_us\/wp-json\/wp\/v2\/categories?post=5435"},{"taxonomy":"post_tag","embeddable":true,"href":"https:\/\/herkafadanses.com\/en_us\/wp-json\/wp\/v2\/tags?post=5435"}],"curies":[{"name":"wp","href":"https:\/\/api.w.org\/{rel}","templated":true}]}}